{"id":93444,"date":"2020-02-13T09:35:21","date_gmt":"2020-02-13T12:35:21","guid":{"rendered":"http:\/\/www.elsindical.com.ar\/notas\/?p=93444"},"modified":"2020-02-13T09:35:21","modified_gmt":"2020-02-13T12:35:21","slug":"cirugia-de-prostata-detalles-del-nuevo-metodo-miniinvasivo-y-sus-beneficios","status":"publish","type":"post","link":"https:\/\/www.elsindical.com.ar\/notas\/cirugia-de-prostata-detalles-del-nuevo-metodo-miniinvasivo-y-sus-beneficios\/","title":{"rendered":"Cirug\u00eda de pr\u00f3stata: detalles del nuevo m\u00e9todo miniinvasivo y sus beneficios"},"content":{"rendered":"\n<figure class=\"wp-block-image size-large\"><img loading=\"lazy\" decoding=\"async\" width=\"800\" height=\"513\" src=\"http:\/\/www.elsindical.com.ar\/notas\/var\/www\/html\/notas\/wp-content\/uploads\/2020\/02\/operaci\u00f3n-pr\u00f3stata.jpg\" alt=\"\" class=\"wp-image-93445\" srcset=\"https:\/\/www.elsindical.com.ar\/notas\/var\/www\/html\/notas\/wp-content\/uploads\/2020\/02\/operaci\u00f3n-pr\u00f3stata.jpg 800w, https:\/\/www.elsindical.com.ar\/notas\/var\/www\/html\/notas\/wp-content\/uploads\/2020\/02\/operaci\u00f3n-pr\u00f3stata-300x192.jpg 300w, https:\/\/www.elsindical.com.ar\/notas\/var\/www\/html\/notas\/wp-content\/uploads\/2020\/02\/operaci\u00f3n-pr\u00f3stata-768x492.jpg 768w, https:\/\/www.elsindical.com.ar\/notas\/var\/www\/html\/notas\/wp-content\/uploads\/2020\/02\/operaci\u00f3n-pr\u00f3stata-468x300.jpg 468w\" sizes=\"auto, (max-width: 800px) 100vw, 800px\" \/><\/figure>\n\n\n\n<p class=\"wp-block-paragraph\"> La pr\u00f3stata es un tema  tab\u00fa en muchos hombres y es uno de los \u00f3rganos m\u00e1s propenso a la  formaci\u00f3n de tumores. C\u00f3mo detectar los s\u00edntomas y cu\u00e1ndo hacerse los  chequeos. <\/p>\n\n\n\n<p class=\"wp-block-paragraph\"><strong>Seg\u00fan datos de la Agencia Internacional de Investigaci\u00f3n \nsobre C\u00e1ncer (IARC),en nuestro pa\u00eds se detectan 11 mil casos anuales de \nc\u00e1ncer de pr\u00f3stata<\/strong>, de los cuales el 20% son malignos.<\/p>\n\n\n\n<p class=\"wp-block-paragraph\">En el caso de que el tumor sea benigno, al cuadro se los denomina \nHiperplasia benigna de pr\u00f3stata&nbsp;y en Argentina, el 50% de los hombres \nmayores de 50 a\u00f1os lo padecen.<\/p>\n\n\n\n<p class=\"wp-block-paragraph\"><strong>Es elemental prestar suma atenci\u00f3n a los s\u00edntomas para su detecci\u00f3n temprana y un tratamiento efectivo.<\/strong><\/p>\n\n\n\n<p class=\"wp-block-paragraph\">Seg\u00fan recomendaci\u00f3n m\u00e9dica, todos los hombres&nbsp;deben comenzar con las \nconsultas al ur\u00f3logo a partir de los 45 a\u00f1os, al menos una vez por a\u00f1o.<\/p>\n\n\n\n<p class=\"wp-block-paragraph\"><strong>En caso de contar con antecedentes de padres, t\u00edos o hermanos\n con c\u00e1ncer de pr\u00f3stata, entonces deben hacerlo a partir de los 40 a\u00f1os y\n dos consultas anuales.<\/strong><\/p>\n\n\n\n<p class=\"wp-block-paragraph\">Los s\u00edntomas m\u00e1s importantes son: dificultad para empezar a orinar, \ngoteo post miccional, micci\u00f3n en dos tiempos, flujo urinario bajo e \nintermitente, incontinencia de orina, levantarse en la noche a orinar \ncon mayor frecuencia, disminuci\u00f3n de la fuerza y calibre del flujo \nmiccional.<\/p>\n\n\n\n<p class=\"wp-block-paragraph\">En caso de padecer alguno de estos s\u00edntomas, se puede iniciar un \ntratamiento paliativo con medicaci\u00f3n por corto tiempo, pero la \u00fanica \nsoluci\u00f3n definitiva a dicha patolog\u00eda es la cirug\u00eda miniinvasiva de \npr\u00f3stata.<\/p>\n\n\n\n<p class=\"wp-block-paragraph\">\u00abEste procedimiento es altamente tecnol\u00f3gico, con procedimientos de \navanzada. Su principal diferencia con la cirug\u00eda tradicional es que no \ndeja cicatriz y utiliza una v\u00eda natural como la uretra para ingresar\u00bb, \nafirma el Dr. Alberto Villalba (MN 13.576 ESP. 52\/115), seg\u00fan consign\u00f3 \nTN.<\/p>\n\n\n\n<p class=\"wp-block-paragraph\">\u201cLa principal diferencia con la cirug\u00eda tradicional es que no deja \ncicatriz, utiliza una v\u00eda natural de ingreso como la uretra, no genera \nimpotencia sexual, no genera incontinencia de orina, no genera estrechez\n de uretra, y el paciente se va de alta sanatorial a las 24 horas\u201d, \nagreg\u00f3.<\/p>\n\n\n\n<p class=\"wp-block-paragraph\">En la actualidad, las consultas con especialistas que incorporan esta\n tecnolog\u00eda est\u00e1n en aumento, ya que se trata de una metodolog\u00eda de \n\u00faltima generaci\u00f3n \u00fanica en el pa\u00eds con equipamiento de avanzada y que \nmarcan la diferencia con las dem\u00e1s t\u00e9cnicas quir\u00fargicas prost\u00e1ticas.<\/p>\n","protected":false},"excerpt":{"rendered":"<p>La pr\u00f3stata es un tema tab\u00fa en muchos hombres y es uno de los \u00f3rganos m\u00e1s propenso a la formaci\u00f3n de tumores. C\u00f3mo detectar los s\u00edntomas y cu\u00e1ndo hacerse los chequeos. Seg\u00fan datos de la Agencia Internacional de Investigaci\u00f3n sobre C\u00e1ncer (IARC),en nuestro pa\u00eds se detectan 11 mil casos anuales de c\u00e1ncer de pr\u00f3stata, de&hellip;<\/p>\n","protected":false},"author":1,"featured_media":93445,"comment_status":"open","ping_status":"open","sticky":false,"template":"","format":"standard","meta":{"footnotes":""},"categories":[23],"tags":[3431,2450,32435,16950],"class_list":["post-93444","post","type-post","status-publish","format-standard","has-post-thumbnail","hentry","category-salud","tag-cirugia","tag-diario-el-sindical","tag-iarc","tag-prostata"],"_links":{"self":[{"href":"https:\/\/www.elsindical.com.ar\/notas\/wp-json\/wp\/v2\/posts\/93444","targetHints":{"allow":["GET"]}}],"collection":[{"href":"https:\/\/www.elsindical.com.ar\/notas\/wp-json\/wp\/v2\/posts"}],"about":[{"href":"https:\/\/www.elsindical.com.ar\/notas\/wp-json\/wp\/v2\/types\/post"}],"author":[{"embeddable":true,"href":"https:\/\/www.elsindical.com.ar\/notas\/wp-json\/wp\/v2\/users\/1"}],"replies":[{"embeddable":true,"href":"https:\/\/www.elsindical.com.ar\/notas\/wp-json\/wp\/v2\/comments?post=93444"}],"version-history":[{"count":1,"href":"https:\/\/www.elsindical.com.ar\/notas\/wp-json\/wp\/v2\/posts\/93444\/revisions"}],"predecessor-version":[{"id":93446,"href":"https:\/\/www.elsindical.com.ar\/notas\/wp-json\/wp\/v2\/posts\/93444\/revisions\/93446"}],"wp:featuredmedia":[{"embeddable":true,"href":"https:\/\/www.elsindical.com.ar\/notas\/wp-json\/wp\/v2\/media\/93445"}],"wp:attachment":[{"href":"https:\/\/www.elsindical.com.ar\/notas\/wp-json\/wp\/v2\/media?parent=93444"}],"wp:term":[{"taxonomy":"category","embeddable":true,"href":"https:\/\/www.elsindical.com.ar\/notas\/wp-json\/wp\/v2\/categories?post=93444"},{"taxonomy":"post_tag","embeddable":true,"href":"https:\/\/www.elsindical.com.ar\/notas\/wp-json\/wp\/v2\/tags?post=93444"}],"curies":[{"name":"wp","href":"https:\/\/api.w.org\/{rel}","templated":true}]}}