{"id":93380,"date":"2020-02-11T10:03:21","date_gmt":"2020-02-11T13:03:21","guid":{"rendered":"http:\/\/www.elsindical.com.ar\/notas\/?p=93380"},"modified":"2020-02-11T10:03:21","modified_gmt":"2020-02-11T13:03:21","slug":"anmat-prohibio-famosas-galletas-y-alimentos-en-conserva-por-riesgo-de-intoxicacion","status":"publish","type":"post","link":"https:\/\/www.elsindical.com.ar\/notas\/anmat-prohibio-famosas-galletas-y-alimentos-en-conserva-por-riesgo-de-intoxicacion\/","title":{"rendered":"ANMAT prohibi\u00f3 famosas galletas y alimentos en conserva por riesgo de intoxicaci\u00f3n"},"content":{"rendered":"\n<figure class=\"wp-block-image size-large\"><img loading=\"lazy\" decoding=\"async\" width=\"1024\" height=\"682\" src=\"http:\/\/www.elsindical.com.ar\/notas\/var\/www\/html\/notas\/wp-content\/uploads\/2020\/02\/Granix-galletitas-1024x682.jpg\" alt=\"\" class=\"wp-image-93381\" srcset=\"https:\/\/www.elsindical.com.ar\/notas\/var\/www\/html\/notas\/wp-content\/uploads\/2020\/02\/Granix-galletitas-1024x682.jpg 1024w, https:\/\/www.elsindical.com.ar\/notas\/var\/www\/html\/notas\/wp-content\/uploads\/2020\/02\/Granix-galletitas-300x200.jpg 300w, https:\/\/www.elsindical.com.ar\/notas\/var\/www\/html\/notas\/wp-content\/uploads\/2020\/02\/Granix-galletitas-768x512.jpg 768w, https:\/\/www.elsindical.com.ar\/notas\/var\/www\/html\/notas\/wp-content\/uploads\/2020\/02\/Granix-galletitas-450x300.jpg 450w, https:\/\/www.elsindical.com.ar\/notas\/var\/www\/html\/notas\/wp-content\/uploads\/2020\/02\/Granix-galletitas.jpg 1033w\" sizes=\"auto, (max-width: 1024px) 100vw, 1024px\" \/><\/figure>\n\n\n\n<p> Medida fue anunciada  en el Bolet\u00edn Oficial. Tambi\u00e9n afect\u00f3 a una marca de harina, un alfajor y  material de ortodoncia, y advirti\u00f3 sobre el robo de maquinaria m\u00e9dica. <\/p>\n\n\n\n<p> La <strong>Administraci\u00f3n Nacional de Medicamentos, Alimentos y Tecnolog\u00eda M\u00e9dica (Anmat)<\/strong>  prohibi\u00f3 el uso, la comercializaci\u00f3n y distribuci\u00f3n de una marca de  harina de ma\u00edz blanco, unas galletitas, una serie de productos m\u00e9dicos y  una marca de alimentos en escabeche, seg\u00fan se public\u00f3 en el Bolet\u00edn  Oficial. <\/p>\n\n\n\n<p>Bajo la disposici\u00f3n<strong> 623\/2020, la entidad desestim\u00f3 en la Argentina todos los productos elaborados por el establecimiento<\/strong>  \u00bb Fatto in casa, Norma Coatti. 9 de julio 1770- Monte Ma\u00edz, C\u00f3rdoba\u00bb,  que produce escabeche de pollo, de jabal\u00ed, deshuesado de pavita y de  vizcacha.<\/p>\n\n\n\n<p><strong>\u201cLas condiciones de elaboraci\u00f3n no permiten garantizar la  seguridad del producto, por lo que se dispuso el cese de elaboraci\u00f3n y  comercializaci\u00f3n\u2026 Los alimentos pueden representar un riesgo grave para  la salud de quienes lo consuman\u201d<\/strong>, expresa el comunicado oficial.<\/p>\n\n\n\n<p>Tambi\u00e9n, se interrumpi\u00f3 la comercializaci\u00f3n de la<strong> \u201cHarina de Ma\u00edz Blanco precocida, marca PAN\u201d<\/strong> porque no cumpl\u00eda con la normativa alimentaria vigente, expone la disposici\u00f3n 625\/2020.<\/p>\n\n\n\n<p>En el envase, este producto importado indicaba ser \u201clibre de gluten\u201d,  pese a que no pose\u00eda la autorizaci\u00f3n sanitaria con esa condici\u00f3n.<\/p>\n\n\n\n<p>Por \u00faltimo en la <strong>disposici\u00f3n 627\/2020 que las galletas \u00absemilladas con ch\u00eda y lino sin colesterol marca Frutigran, de Granix,<\/strong>  elaboradas antes del 12 de enero\u00bb, no llevan la leyenda \u00abpuede contener  leche\u00bb. Aunque en la elaboraci\u00f3n de este producto no se utiliza leche,  hay riesgo de contaminaci\u00f3n cruzada debido a que en las mismas  instalaciones se fabrican productos que s\u00ed la llevan.<\/p>\n\n\n\n<figure class=\"wp-block-image size-large\"><img loading=\"lazy\" decoding=\"async\" width=\"851\" height=\"439\" src=\"http:\/\/www.elsindical.com.ar\/notas\/var\/www\/html\/notas\/wp-content\/uploads\/2020\/02\/escabeche.jpg\" alt=\"\" class=\"wp-image-93382\" srcset=\"https:\/\/www.elsindical.com.ar\/notas\/var\/www\/html\/notas\/wp-content\/uploads\/2020\/02\/escabeche.jpg 851w, https:\/\/www.elsindical.com.ar\/notas\/var\/www\/html\/notas\/wp-content\/uploads\/2020\/02\/escabeche-300x155.jpg 300w, https:\/\/www.elsindical.com.ar\/notas\/var\/www\/html\/notas\/wp-content\/uploads\/2020\/02\/escabeche-768x396.jpg 768w, https:\/\/www.elsindical.com.ar\/notas\/var\/www\/html\/notas\/wp-content\/uploads\/2020\/02\/escabeche-500x258.jpg 500w\" sizes=\"auto, (max-width: 851px) 100vw, 851px\" \/><\/figure>\n","protected":false},"excerpt":{"rendered":"<p>Medida fue anunciada en el Bolet\u00edn Oficial. Tambi\u00e9n afect\u00f3 a una marca de harina, un alfajor y material de ortodoncia, y advirti\u00f3 sobre el robo de maquinaria m\u00e9dica. La Administraci\u00f3n Nacional de Medicamentos, Alimentos y Tecnolog\u00eda M\u00e9dica (Anmat) prohibi\u00f3 el uso, la comercializaci\u00f3n y distribuci\u00f3n de una marca de harina de ma\u00edz blanco, unas galletitas,&hellip;<\/p>\n","protected":false},"author":1,"featured_media":93381,"comment_status":"open","ping_status":"open","sticky":false,"template":"","format":"standard","meta":{"footnotes":""},"categories":[23],"tags":[1394,32426,2450,32425,22031],"class_list":["post-93380","post","type-post","status-publish","format-standard","has-post-thumbnail","hentry","category-salud","tag-anmat","tag-conservas","tag-diario-el-sindical","tag-galletitas-granix","tag-salud"],"_links":{"self":[{"href":"https:\/\/www.elsindical.com.ar\/notas\/wp-json\/wp\/v2\/posts\/93380","targetHints":{"allow":["GET"]}}],"collection":[{"href":"https:\/\/www.elsindical.com.ar\/notas\/wp-json\/wp\/v2\/posts"}],"about":[{"href":"https:\/\/www.elsindical.com.ar\/notas\/wp-json\/wp\/v2\/types\/post"}],"author":[{"embeddable":true,"href":"https:\/\/www.elsindical.com.ar\/notas\/wp-json\/wp\/v2\/users\/1"}],"replies":[{"embeddable":true,"href":"https:\/\/www.elsindical.com.ar\/notas\/wp-json\/wp\/v2\/comments?post=93380"}],"version-history":[{"count":1,"href":"https:\/\/www.elsindical.com.ar\/notas\/wp-json\/wp\/v2\/posts\/93380\/revisions"}],"predecessor-version":[{"id":93383,"href":"https:\/\/www.elsindical.com.ar\/notas\/wp-json\/wp\/v2\/posts\/93380\/revisions\/93383"}],"wp:featuredmedia":[{"embeddable":true,"href":"https:\/\/www.elsindical.com.ar\/notas\/wp-json\/wp\/v2\/media\/93381"}],"wp:attachment":[{"href":"https:\/\/www.elsindical.com.ar\/notas\/wp-json\/wp\/v2\/media?parent=93380"}],"wp:term":[{"taxonomy":"category","embeddable":true,"href":"https:\/\/www.elsindical.com.ar\/notas\/wp-json\/wp\/v2\/categories?post=93380"},{"taxonomy":"post_tag","embeddable":true,"href":"https:\/\/www.elsindical.com.ar\/notas\/wp-json\/wp\/v2\/tags?post=93380"}],"curies":[{"name":"wp","href":"https:\/\/api.w.org\/{rel}","templated":true}]}}