{"id":93208,"date":"2020-02-04T18:50:15","date_gmt":"2020-02-04T21:50:15","guid":{"rendered":"http:\/\/www.elsindical.com.ar\/notas\/?p=93208"},"modified":"2020-02-04T18:50:15","modified_gmt":"2020-02-04T21:50:15","slug":"sobreseyeron-a-pablo-ventura-en-la-causa-por-el-crimen-de-villa-gesell","status":"publish","type":"post","link":"https:\/\/www.elsindical.com.ar\/notas\/sobreseyeron-a-pablo-ventura-en-la-causa-por-el-crimen-de-villa-gesell\/","title":{"rendered":"Sobreseyeron a Pablo Ventura en la causa por el crimen de Villa Gesell"},"content":{"rendered":"\n<figure class=\"wp-block-image size-large\"><img loading=\"lazy\" decoding=\"async\" width=\"800\" height=\"483\" src=\"http:\/\/www.elsindical.com.ar\/notas\/var\/www\/html\/notas\/wp-content\/uploads\/2020\/02\/Pablo-y-su-padre.jpg\" alt=\"\" class=\"wp-image-93209\" srcset=\"https:\/\/www.elsindical.com.ar\/notas\/var\/www\/html\/notas\/wp-content\/uploads\/2020\/02\/Pablo-y-su-padre.jpg 800w, https:\/\/www.elsindical.com.ar\/notas\/var\/www\/html\/notas\/wp-content\/uploads\/2020\/02\/Pablo-y-su-padre-300x181.jpg 300w, https:\/\/www.elsindical.com.ar\/notas\/var\/www\/html\/notas\/wp-content\/uploads\/2020\/02\/Pablo-y-su-padre-768x464.jpg 768w, https:\/\/www.elsindical.com.ar\/notas\/var\/www\/html\/notas\/wp-content\/uploads\/2020\/02\/Pablo-y-su-padre-497x300.jpg 497w\" sizes=\"auto, (max-width: 800px) 100vw, 800px\" \/><\/figure>\n\n\n\n<p class=\"wp-block-paragraph\"> El joven remero de  Z\u00e1rate que hab\u00eda sido incriminado por los rugbiers detenidos por el  asesinato de Fernando B\u00e1ez en Villa Gesell. <\/p>\n\n\n\n<p class=\"wp-block-paragraph\"><strong>Pablo&nbsp;Ventura<\/strong>, el remero que fue detenido en Z\u00e1rate \ntras el crimen de Fernando B\u00e1ez Sosa en Villa Gesell y que recuper\u00f3 la \nlibertad cuatro d\u00edas despu\u00e9s, fue sobrese\u00eddo en la causa, a partir de la\n adhesi\u00f3n a esta medida presentada en Villa Gesell por los abogados de \nla familia de la v\u00edctima, en l\u00ednea con la fisca del caso, informaron \nfuentes judiciales.<\/p>\n\n\n\n<p class=\"wp-block-paragraph\">El <strong>sobreseimiento de Ventura (21)<\/strong> hab\u00eda sido pedido \npor su defensor, Jorge Santoro, ante el Juzgado de Garant\u00edas 6 de la \nlocalidad balnearia, pocas horas despu\u00e9s de que el joven fuera liberado \npor falta de elementos que lo vincularan al hecho por el que est\u00e1n \nimputados y detenidos diez rugbiers.<\/p>\n\n\n\n<p class=\"wp-block-paragraph\">El letrado hab\u00eda pedido que el remero fuera desvinculado de la causa  por el crimen de B\u00e1ez Sosa (19), seg\u00fan relat\u00f3, al considerar que \u00ablas  pruebas presentadas y los testigos aportadas fueron contundentes  respecto de la inocencia de Pablo\u00bb.<\/p>\n\n\n\n<p class=\"wp-block-paragraph\">Entre los elementos mencionados por Santoro para fundamentar el \npedido, figura la filmaci\u00f3n del restaurante \u00abLa Querencia\u00bb de Z\u00e1rate de \nla noche del viernes 17 de enero, que registra el ingreso de Ventura \njunto a sus padres para cenar y su salida cerca de la medianoche, pocas \nhoras antes del crimen de B\u00e1ez Sosa frente al boliche Le Brique, en \nVilla Gesell.<\/p>\n\n\n\n<p class=\"wp-block-paragraph\">Adem\u00e1s, destac\u00f3 que \u00abno se lo ubica en la escena del lamentable \nhecho\u00bb, y que \u00abhan depuesto los testigos propuestos\u00bb por la defensa que \n\u00aben forma contundente lo ubican en la localidad de Z\u00e1rate al momento del\n hecho\u00bb.<\/p>\n\n\n\n<p class=\"wp-block-paragraph\"><strong>\u00abSe cay\u00f3 definitivamente la idea expuesta de que hab\u00eda sido  &#8216;sacado en forma clandestina&#8217; de Villa Gesell, ya que los rodados de la  familia se comprob\u00f3 que nunca salieron de Z\u00e1rate\u00bb<\/strong>, consider\u00f3 el  abogado, y agreg\u00f3 que \u00abestuvo siempre a derecho, present\u00e1ndose a  indagatoria y respondiendo a todo requerimiento\u00bb de la fiscal del caso,  Ver\u00f3nica Zamboni.<\/p>\n\n\n\n<p class=\"wp-block-paragraph\">El pedido de Santoro fue avalado por la fiscal y en un escrito \npresentado este mediod\u00eca ante el juez de Garant\u00edas David Mancinelli por \nel abogado Fabi\u00e1n Amendola, quien encabeza la querella por parte de la \nfamilia, junto a Fernando Burlando.<\/p>\n\n\n\n<p class=\"wp-block-paragraph\">A <strong>partir de estas adhesiones<\/strong>, el magistrado, quien  tiene en su poder el expediente desde el viernes \u00faltimo por esta  diligencia, cuenta con todos los elementos para disponer del  sobreseimiento.<\/p>\n\n\n\n<p class=\"wp-block-paragraph\">Fuentes de la investigaci\u00f3n y la propia querella estimaron que la  medida ser\u00e1 adoptada en las pr\u00f3ximas horas, y tras ella Ventura ser\u00e1  notificado por escrito de su desvinculaci\u00f3n de la causa, ya que se  descuenta que no habr\u00e1 apelaciones en sentido contrario al haber  expresado su conformidad la totalidad de las partes.<\/p>\n","protected":false},"excerpt":{"rendered":"<p>El joven remero de Z\u00e1rate que hab\u00eda sido incriminado por los rugbiers detenidos por el asesinato de Fernando B\u00e1ez en Villa Gesell. Pablo&nbsp;Ventura, el remero que fue detenido en Z\u00e1rate tras el crimen de Fernando B\u00e1ez Sosa en Villa Gesell y que recuper\u00f3 la libertad cuatro d\u00edas despu\u00e9s, fue sobrese\u00eddo en la causa, a partir&hellip;<\/p>\n","protected":false},"author":1,"featured_media":93209,"comment_status":"open","ping_status":"open","sticky":false,"template":"","format":"standard","meta":{"footnotes":""},"categories":[20],"tags":[32261,32380,5174,3481],"class_list":["post-93208","post","type-post","status-publish","format-standard","has-post-thumbnail","hentry","category-judiciales","tag-fernando-baez-sosa","tag-pablo-ventura","tag-sobreseimiento","tag-villa-gesell"],"_links":{"self":[{"href":"https:\/\/www.elsindical.com.ar\/notas\/wp-json\/wp\/v2\/posts\/93208","targetHints":{"allow":["GET"]}}],"collection":[{"href":"https:\/\/www.elsindical.com.ar\/notas\/wp-json\/wp\/v2\/posts"}],"about":[{"href":"https:\/\/www.elsindical.com.ar\/notas\/wp-json\/wp\/v2\/types\/post"}],"author":[{"embeddable":true,"href":"https:\/\/www.elsindical.com.ar\/notas\/wp-json\/wp\/v2\/users\/1"}],"replies":[{"embeddable":true,"href":"https:\/\/www.elsindical.com.ar\/notas\/wp-json\/wp\/v2\/comments?post=93208"}],"version-history":[{"count":1,"href":"https:\/\/www.elsindical.com.ar\/notas\/wp-json\/wp\/v2\/posts\/93208\/revisions"}],"predecessor-version":[{"id":93210,"href":"https:\/\/www.elsindical.com.ar\/notas\/wp-json\/wp\/v2\/posts\/93208\/revisions\/93210"}],"wp:featuredmedia":[{"embeddable":true,"href":"https:\/\/www.elsindical.com.ar\/notas\/wp-json\/wp\/v2\/media\/93209"}],"wp:attachment":[{"href":"https:\/\/www.elsindical.com.ar\/notas\/wp-json\/wp\/v2\/media?parent=93208"}],"wp:term":[{"taxonomy":"category","embeddable":true,"href":"https:\/\/www.elsindical.com.ar\/notas\/wp-json\/wp\/v2\/categories?post=93208"},{"taxonomy":"post_tag","embeddable":true,"href":"https:\/\/www.elsindical.com.ar\/notas\/wp-json\/wp\/v2\/tags?post=93208"}],"curies":[{"name":"wp","href":"https:\/\/api.w.org\/{rel}","templated":true}]}}