{"id":93184,"date":"2020-02-04T10:05:40","date_gmt":"2020-02-04T13:05:40","guid":{"rendered":"http:\/\/www.elsindical.com.ar\/notas\/?p=93184"},"modified":"2020-02-04T10:10:04","modified_gmt":"2020-02-04T13:10:04","slug":"avellaneda-vecinos-reclamaron-por-mas-seguridad","status":"publish","type":"post","link":"https:\/\/www.elsindical.com.ar\/notas\/avellaneda-vecinos-reclamaron-por-mas-seguridad\/","title":{"rendered":"Avellaneda: Vecinos reclamaron por m\u00e1s seguridad"},"content":{"rendered":"\n<figure class=\"wp-block-image size-large\"><img loading=\"lazy\" decoding=\"async\" width=\"886\" height=\"419\" src=\"http:\/\/www.elsindical.com.ar\/notas\/var\/www\/html\/notas\/wp-content\/uploads\/2020\/02\/protesta-de-vecinos-Plaza-Alsina-1.jpg\" alt=\"\" class=\"wp-image-93185\" srcset=\"https:\/\/www.elsindical.com.ar\/notas\/var\/www\/html\/notas\/wp-content\/uploads\/2020\/02\/protesta-de-vecinos-Plaza-Alsina-1.jpg 886w, https:\/\/www.elsindical.com.ar\/notas\/var\/www\/html\/notas\/wp-content\/uploads\/2020\/02\/protesta-de-vecinos-Plaza-Alsina-1-300x142.jpg 300w, https:\/\/www.elsindical.com.ar\/notas\/var\/www\/html\/notas\/wp-content\/uploads\/2020\/02\/protesta-de-vecinos-Plaza-Alsina-1-768x363.jpg 768w, https:\/\/www.elsindical.com.ar\/notas\/var\/www\/html\/notas\/wp-content\/uploads\/2020\/02\/protesta-de-vecinos-Plaza-Alsina-1-500x236.jpg 500w\" sizes=\"auto, (max-width: 886px) 100vw, 886px\" \/><\/figure>\n\n\n\n<p class=\"wp-block-paragraph\">  Tal como se hab\u00eda anunciado en las redes sociales, un reducido grupo de vecinos protestaron solicitando m\u00e1s seguridad en Avellaneda, ante un crecimiento de hechos delictivos que es innegable similar a lo que sucede en otros partidos, algunos con m\u00e1s hechos de inseguridad.<\/p>\n\n\n\n<p class=\"wp-block-paragraph\">Con un 70% de concurrentes identificados con la alianza que compone Juntos por el Cambio, la marcha aunque no hab\u00eda banderas partidarias, ten\u00eda un componente altamente pol\u00edtico.<\/p>\n\n\n\n<p class=\"wp-block-paragraph\">Los principales reclamos al intendente tienen que ver con el reemplazo de los responsables de la Secretar\u00eda de Seguridad Municipal, M\u00f3nica Ghirelli y Marcelo Rey, un punto que es la debilidad de la gesti\u00f3n de Jorge Ferraresi, ya que a la fecha ambos funcionarios han equivocado la forma de trabajo y principalmente la comunicaci\u00f3n con los vecinos, si no se los remueve, deber\u00edan incorporar asesores en seguridad y empezar a mejorar la gesti\u00f3n.<\/p>\n\n\n\n<p class=\"wp-block-paragraph\">Otro que recibi\u00f3 insultos fue Claudio Yacoy, a quien en general los vecinos repudian y que es el funcionario con m\u00e1s denuncias en su contra en la gesti\u00f3n de Ferraresi, pero aparece atornillado al cargo, incluso es de los muy pocos funcionarios que se trat\u00f3 su despido en el HCD por insultar a una alumna en el ENSPA hace unos a\u00f1os atr\u00e1s.<\/p>\n\n\n\n<p class=\"wp-block-paragraph\">Una de las principales voces en el reclamo fue Mar\u00eda Denegri, quien a pesar de recibir asistencia de todos los gobiernos y de contar con trato diferencial al resto de los vecinos se acerc\u00f3 para reclamar por m\u00e1s medidas en seguridad y se sum\u00f3 a las criticas contra los funcionarios de Ferraresi.<\/p>\n\n\n\n<p class=\"wp-block-paragraph\">Los vecinos se volvieron a convocar para el d\u00eda 28 de febrero donde esperan sumar m\u00e1s gente aunque algunos presentes se sintieron traicionados de haber sido convocados por Fernando Landaburu a quien varios esperaban llegue, pero en su lugar solo se hicieron presentes algunos radicales que curiosamente sab\u00edan a qu\u00e9 hora llegaba la c\u00e1mara de TN y a qu\u00e9 hora sal\u00edan en vivo.<\/p>\n\n\n\n<p class=\"wp-block-paragraph\">Es evidente que los reclamos de los vecinos se dan m\u00e1s por las redes que en las movilizaciones, tal vez, por el hecho de que a nadie le gusta sentir que est\u00e1 en un acto pol\u00edtico encubierto.<\/p>\n\n\n\n<figure class=\"wp-block-image size-large\"><img loading=\"lazy\" decoding=\"async\" width=\"886\" height=\"419\" src=\"http:\/\/www.elsindical.com.ar\/notas\/var\/www\/html\/notas\/wp-content\/uploads\/2020\/02\/protesta-de-vecinos-Plaza-Alsina-2.jpg\" alt=\"\" class=\"wp-image-93186\" srcset=\"https:\/\/www.elsindical.com.ar\/notas\/var\/www\/html\/notas\/wp-content\/uploads\/2020\/02\/protesta-de-vecinos-Plaza-Alsina-2.jpg 886w, https:\/\/www.elsindical.com.ar\/notas\/var\/www\/html\/notas\/wp-content\/uploads\/2020\/02\/protesta-de-vecinos-Plaza-Alsina-2-300x142.jpg 300w, https:\/\/www.elsindical.com.ar\/notas\/var\/www\/html\/notas\/wp-content\/uploads\/2020\/02\/protesta-de-vecinos-Plaza-Alsina-2-768x363.jpg 768w, https:\/\/www.elsindical.com.ar\/notas\/var\/www\/html\/notas\/wp-content\/uploads\/2020\/02\/protesta-de-vecinos-Plaza-Alsina-2-500x236.jpg 500w\" sizes=\"auto, (max-width: 886px) 100vw, 886px\" \/><\/figure>\n\n\n\n<iframe loading=\"lazy\" width=\"580\" height=\"420\" src=\"https:\/\/www.youtube.com\/embed\/TWX8KUWY6UA\" frameborder=\"0\" allow=\"accelerometer; autoplay; encrypted-media; gyroscope; picture-in-picture\" allowfullscreen><\/iframe>\n\n\n\n<p class=\"wp-block-paragraph\">Por Marcelo Ricardo Hawrylciw<\/p>\n","protected":false},"excerpt":{"rendered":"<p>Tal como se hab\u00eda anunciado en las redes sociales, un reducido grupo de vecinos protestaron solicitando m\u00e1s seguridad en Avellaneda, ante un crecimiento de hechos delictivos que es innegable similar a lo que sucede en otros partidos, algunos con m\u00e1s hechos de inseguridad. Con un 70% de concurrentes identificados con la alianza que compone Juntos&hellip;<\/p>\n","protected":false},"author":1,"featured_media":93185,"comment_status":"open","ping_status":"open","sticky":false,"template":"","format":"standard","meta":{"footnotes":""},"categories":[1],"tags":[],"class_list":["post-93184","post","type-post","status-publish","format-standard","has-post-thumbnail","hentry","category-destacadas"],"_links":{"self":[{"href":"https:\/\/www.elsindical.com.ar\/notas\/wp-json\/wp\/v2\/posts\/93184","targetHints":{"allow":["GET"]}}],"collection":[{"href":"https:\/\/www.elsindical.com.ar\/notas\/wp-json\/wp\/v2\/posts"}],"about":[{"href":"https:\/\/www.elsindical.com.ar\/notas\/wp-json\/wp\/v2\/types\/post"}],"author":[{"embeddable":true,"href":"https:\/\/www.elsindical.com.ar\/notas\/wp-json\/wp\/v2\/users\/1"}],"replies":[{"embeddable":true,"href":"https:\/\/www.elsindical.com.ar\/notas\/wp-json\/wp\/v2\/comments?post=93184"}],"version-history":[{"count":2,"href":"https:\/\/www.elsindical.com.ar\/notas\/wp-json\/wp\/v2\/posts\/93184\/revisions"}],"predecessor-version":[{"id":93188,"href":"https:\/\/www.elsindical.com.ar\/notas\/wp-json\/wp\/v2\/posts\/93184\/revisions\/93188"}],"wp:featuredmedia":[{"embeddable":true,"href":"https:\/\/www.elsindical.com.ar\/notas\/wp-json\/wp\/v2\/media\/93185"}],"wp:attachment":[{"href":"https:\/\/www.elsindical.com.ar\/notas\/wp-json\/wp\/v2\/media?parent=93184"}],"wp:term":[{"taxonomy":"category","embeddable":true,"href":"https:\/\/www.elsindical.com.ar\/notas\/wp-json\/wp\/v2\/categories?post=93184"},{"taxonomy":"post_tag","embeddable":true,"href":"https:\/\/www.elsindical.com.ar\/notas\/wp-json\/wp\/v2\/tags?post=93184"}],"curies":[{"name":"wp","href":"https:\/\/api.w.org\/{rel}","templated":true}]}}