{"id":93181,"date":"2020-02-04T09:18:45","date_gmt":"2020-02-04T12:18:45","guid":{"rendered":"http:\/\/www.elsindical.com.ar\/notas\/?p=93181"},"modified":"2020-02-04T09:18:45","modified_gmt":"2020-02-04T12:18:45","slug":"la-plata-vecinos-lomenses-se-reunieron-con-berni-por-las-olas-de-robo-en-temperley","status":"publish","type":"post","link":"https:\/\/www.elsindical.com.ar\/notas\/la-plata-vecinos-lomenses-se-reunieron-con-berni-por-las-olas-de-robo-en-temperley\/","title":{"rendered":"La Plata: Vecinos lomenses se reunieron con Berni por las \u00abolas de robo\u00bb en Temperley"},"content":{"rendered":"\n<figure class=\"wp-block-image size-large\"><img loading=\"lazy\" decoding=\"async\" width=\"1024\" height=\"576\" src=\"http:\/\/www.elsindical.com.ar\/notas\/var\/www\/html\/notas\/wp-content\/uploads\/2020\/02\/reuni\u00f3n-vecinos-Lomas-con-Berni-1024x576.jpeg\" alt=\"\" class=\"wp-image-93182\" srcset=\"https:\/\/www.elsindical.com.ar\/notas\/var\/www\/html\/notas\/wp-content\/uploads\/2020\/02\/reuni\u00f3n-vecinos-Lomas-con-Berni-1024x576.jpeg 1024w, https:\/\/www.elsindical.com.ar\/notas\/var\/www\/html\/notas\/wp-content\/uploads\/2020\/02\/reuni\u00f3n-vecinos-Lomas-con-Berni-300x169.jpeg 300w, https:\/\/www.elsindical.com.ar\/notas\/var\/www\/html\/notas\/wp-content\/uploads\/2020\/02\/reuni\u00f3n-vecinos-Lomas-con-Berni-768x432.jpeg 768w, https:\/\/www.elsindical.com.ar\/notas\/var\/www\/html\/notas\/wp-content\/uploads\/2020\/02\/reuni\u00f3n-vecinos-Lomas-con-Berni-500x281.jpeg 500w, https:\/\/www.elsindical.com.ar\/notas\/var\/www\/html\/notas\/wp-content\/uploads\/2020\/02\/reuni\u00f3n-vecinos-Lomas-con-Berni-460x260.jpeg 460w, https:\/\/www.elsindical.com.ar\/notas\/var\/www\/html\/notas\/wp-content\/uploads\/2020\/02\/reuni\u00f3n-vecinos-Lomas-con-Berni.jpeg 1280w\" sizes=\"auto, (max-width: 1024px) 100vw, 1024px\" \/><\/figure>\n\n\n\n<p class=\"wp-block-paragraph\">Un grupo de <strong>vecinos de Temperley<\/strong> este se reuni\u00f3 con el ministro de Seguridad de la provincia de Buenos Aires, <strong>Sergio Berni,<\/strong> para tratar los problemas de inseguridad que se vive a diario en los barrios y pedir por mayor presencia policial en la zona.<\/p>\n\n\n\n<p class=\"wp-block-paragraph\"><strong>Rossana Acosta Ruiz<\/strong>, una de las vecinas que particip\u00f3 de la reuni\u00f3n, en comunicaci\u00f3n con <strong>DiarioConurbano.com<\/strong>, explic\u00f3 que \u201cfue importante el encuentro con Berni porque es la cabeza en materia de seguridad\u201d. <strong>\u201cLo\n bueno fue que nos recibi\u00f3. Fuimos tres vecinos, que nos sentamos a \nconversar con el ministro, sobre la problem\u00e1tica del barrio\u201d,<\/strong> destac\u00f3.<\/p>\n\n\n\n<p class=\"wp-block-paragraph\">Seg\u00fan la mujer, que moviliza reclamos en zona este en Temperley, \nluego de la audiencia con Berni se registraron en la zona \u201coperativos en\n forma conjunta con la comisaria local, la secretaria de Seguridad de \nLomas y el comando de Patrulla\u201d.<\/p>\n\n\n\n<p class=\"wp-block-paragraph\"><strong>\u201cHace poco hicieron un operativo grande en Temperley, Adrogu\u00e9 y Quilmes. Eso es lo bueno\u201d,<\/strong> cont\u00f3.<\/p>\n\n\n\n<p class=\"wp-block-paragraph\">Desde hace tiempo que los vecinos vienen denunciando una \u201cola de robos\u201d y ataques de los llamados <strong>\u201cmotochorros\u201d.<\/strong> Por ello, se solicit\u00f3 mayor presencia policial, m\u00e1s c\u00e1mara de seguridad y mayor luminaria.<\/p>\n\n\n\n<p class=\"wp-block-paragraph\"><strong>\u201cFue sincero con nosotros. Nos dijo que ahora, por el tema de los recursos, se estaba reprogramando todo<\/strong>.\n Nos pidi\u00f3 que le demos tiempo, que en marzo va a empezar a activar todo\n ya que muchos polic\u00edas vienen del Operativo Sol, y tiene que \nreorganizar todo el equipo\u201d, explic\u00f3 la vecina, sobre el encuentro que \nmantuvo con el funcionario.<\/p>\n\n\n\n<p class=\"wp-block-paragraph\">Por \u00faltimo, Acosta Ruiz, manifest\u00f3 sobre la importancia de la participaci\u00f3n vecinal en estos temas. <strong>\u201cInvitamos a que m\u00e1s vecinos puedan sumarse a estos reclamos en los barrios, para cuidarnos y ayudarnos entre todos\u201d,<\/strong> concluy\u00f3.<\/p>\n\n\n\n<p class=\"wp-block-paragraph\"><strong>Por Mabel C\u00e1ceres\u00a0<\/strong><\/p>\n\n\n\n<p class=\"wp-block-paragraph\"><strong>Fuente: Diario Conurbano<\/strong><\/p>\n","protected":false},"excerpt":{"rendered":"<p>Un grupo de vecinos de Temperley este se reuni\u00f3 con el ministro de Seguridad de la provincia de Buenos Aires, Sergio Berni, para tratar los problemas de inseguridad que se vive a diario en los barrios y pedir por mayor presencia policial en la zona. Rossana Acosta Ruiz, una de las vecinas que particip\u00f3 de&hellip;<\/p>\n","protected":false},"author":1,"featured_media":93182,"comment_status":"open","ping_status":"open","sticky":false,"template":"","format":"standard","meta":{"footnotes":""},"categories":[25],"tags":[22301,23294,11727],"class_list":["post-93181","post","type-post","status-publish","format-standard","has-post-thumbnail","hentry","category-sociedad","tag-comisario-mayor-javier-carlos-villar","tag-jefatura-departamental-avellaneda-lanus-lomas","tag-sergio-berni"],"_links":{"self":[{"href":"https:\/\/www.elsindical.com.ar\/notas\/wp-json\/wp\/v2\/posts\/93181","targetHints":{"allow":["GET"]}}],"collection":[{"href":"https:\/\/www.elsindical.com.ar\/notas\/wp-json\/wp\/v2\/posts"}],"about":[{"href":"https:\/\/www.elsindical.com.ar\/notas\/wp-json\/wp\/v2\/types\/post"}],"author":[{"embeddable":true,"href":"https:\/\/www.elsindical.com.ar\/notas\/wp-json\/wp\/v2\/users\/1"}],"replies":[{"embeddable":true,"href":"https:\/\/www.elsindical.com.ar\/notas\/wp-json\/wp\/v2\/comments?post=93181"}],"version-history":[{"count":1,"href":"https:\/\/www.elsindical.com.ar\/notas\/wp-json\/wp\/v2\/posts\/93181\/revisions"}],"predecessor-version":[{"id":93183,"href":"https:\/\/www.elsindical.com.ar\/notas\/wp-json\/wp\/v2\/posts\/93181\/revisions\/93183"}],"wp:featuredmedia":[{"embeddable":true,"href":"https:\/\/www.elsindical.com.ar\/notas\/wp-json\/wp\/v2\/media\/93182"}],"wp:attachment":[{"href":"https:\/\/www.elsindical.com.ar\/notas\/wp-json\/wp\/v2\/media?parent=93181"}],"wp:term":[{"taxonomy":"category","embeddable":true,"href":"https:\/\/www.elsindical.com.ar\/notas\/wp-json\/wp\/v2\/categories?post=93181"},{"taxonomy":"post_tag","embeddable":true,"href":"https:\/\/www.elsindical.com.ar\/notas\/wp-json\/wp\/v2\/tags?post=93181"}],"curies":[{"name":"wp","href":"https:\/\/api.w.org\/{rel}","templated":true}]}}