{"id":93157,"date":"2020-02-03T09:02:39","date_gmt":"2020-02-03T12:02:39","guid":{"rendered":"http:\/\/www.elsindical.com.ar\/notas\/?p=93157"},"modified":"2020-02-03T09:03:21","modified_gmt":"2020-02-03T12:03:21","slug":"juan-manuel-lugones-denunciado-penalmente-por-acoso-sexual-y-laboral","status":"publish","type":"post","link":"https:\/\/www.elsindical.com.ar\/notas\/juan-manuel-lugones-denunciado-penalmente-por-acoso-sexual-y-laboral\/","title":{"rendered":"Juan Manuel Lugones denunciado penalmente por acoso sexual y laboral"},"content":{"rendered":"\n<figure class=\"wp-block-image size-large\"><img loading=\"lazy\" decoding=\"async\" width=\"1024\" height=\"683\" src=\"http:\/\/www.elsindical.com.ar\/notas\/var\/www\/html\/notas\/wp-content\/uploads\/2020\/02\/Juan-Manuel-Lugones-1024x683.jpg\" alt=\"\" class=\"wp-image-93158\" srcset=\"https:\/\/www.elsindical.com.ar\/notas\/var\/www\/html\/notas\/wp-content\/uploads\/2020\/02\/Juan-Manuel-Lugones-1024x683.jpg 1024w, https:\/\/www.elsindical.com.ar\/notas\/var\/www\/html\/notas\/wp-content\/uploads\/2020\/02\/Juan-Manuel-Lugones-300x200.jpg 300w, https:\/\/www.elsindical.com.ar\/notas\/var\/www\/html\/notas\/wp-content\/uploads\/2020\/02\/Juan-Manuel-Lugones-768x512.jpg 768w, https:\/\/www.elsindical.com.ar\/notas\/var\/www\/html\/notas\/wp-content\/uploads\/2020\/02\/Juan-Manuel-Lugones-450x300.jpg 450w, https:\/\/www.elsindical.com.ar\/notas\/var\/www\/html\/notas\/wp-content\/uploads\/2020\/02\/Juan-Manuel-Lugones-1536x1024.jpg 1536w, https:\/\/www.elsindical.com.ar\/notas\/var\/www\/html\/notas\/wp-content\/uploads\/2020\/02\/Juan-Manuel-Lugones.jpg 1960w\" sizes=\"auto, (max-width: 1024px) 100vw, 1024px\" \/><\/figure>\n\n\n\n<p>Una agente policial denunci\u00f3 al titular de la Agencia de Prevenci\u00f3n \nde la Violencia en el Deporte (APreViDe), Juan Manuel Lugones, por acoso\n sexual y laboral cuando cumpl\u00eda funciones en la sede del organismo de \nseguridad deportivo, ubicado en la capital bonaerense.<\/p>\n\n\n\n<p>La denuncia dada a conocer en la \u00faltimas horas fue radicada en la UFI\n N 15 del Departamento Judicial La Plata por la efectivo policial por \ndistintos hechos ocurridos en 2016 cuando cumpl\u00eda funciones en la sede \ndel organismo que al momento funcionaba en un edificio ubicado en calle 3\n entre 33 y 34 de la capital bonaerense.<\/p>\n\n\n\n<p>En la denuncia, la v\u00edctima \u2013cuya identidad se mantiene en reserva\u2013 \ndetalla diferentes situaciones sufridas desde su ingreso laboral al \nAprevide, y sostiene que fue derivada a otro sector por no aceptar los \ninsistentes intentos de Lugones para lograr una relaci\u00f3n extra laboral.<\/p>\n\n\n\n<p>En la denuncia, la mujer relata \u00abcuando empec\u00e9 a trabajar con Lugones\n en el Aprevide, empez\u00f3 a preguntarme sobre mis gustos personales, si me\n gustaba comer pastas o si quisiera trabajar en las canchas. Ante eso, \nyo respond\u00ed que quer\u00eda hacer el mismo trabajo que mis compa\u00f1eros\u00bb.<\/p>\n\n\n\n<p>La efectivo policial sostuvo que oportunamente y \u00abde manera \ndescolgada empez\u00f3 a llamarme para invitarme a cenar. Con excusas, \nrechazaba la invitaci\u00f3n. Al otro d\u00eda de la invitaci\u00f3n me ten\u00eda que \naguantar un trato distinto, con caras de enojo y un trato cortante, \nobviamente por mi rechazo\u00bb.<\/p>\n\n\n\n<p>Asimismo, cita en su declaraci\u00f3n que \u00abun d\u00eda fuimos a Mar del Plata a\n un operativo, \u00edbamos en dos camionetas. \u00c9l adelante y nosotros (los \nefectivos policiales) atr\u00e1s. En un momento nos hace parar en el medio de\n la ruta y nos dice de sacarnos una foto en la caja de la camioneta \ndonde viajaba \u00e9l. Cuando yo quiero subir a la caja, poniendo un pie en \nun estribo, siento unas manos en mi cola que me empujan hacia arriba y \ncuando miro hacia atr\u00e1s, veo que era Lugones el que lo hab\u00eda hecho\u00bb.<\/p>\n\n\n\n<p>Luego de detallar la situaci\u00f3n, agrega: \u00aben ese momento, le pregunt\u00e9 \n\u2018\u00bfqu\u00e9 est\u00e1s haciendo?, y \u00e9l me contesta \u2018disculpame, no me di cuenta\u2019, \nen tanto agrega que ante esta situaci\u00f3n sus compa\u00f1eros que fueron \ntestigos de la situaci\u00f3n, le reclaman \u00ab\u00bfpor qu\u00e9 no le diste un \ncachetazo?.<\/p>\n\n\n\n<p>En tanto, de acuerdo a lo declarado por la v\u00edctima, el acoso y el \nabuso de autoridad continu\u00f3, aunque tiempo despu\u00e9s la mujer polic\u00eda fue \ndesignada en otro sector.<\/p>\n\n\n\n<p>Seg\u00fan consta en la denuncia, la mujer asegur\u00f3 estar convencida de que\n fue Lugones quien dispuso su traslado porque ella nunca acept\u00f3 sus \ninvitaciones.<\/p>\n\n\n\n<p>\u00abHasta ahora nunca me quej\u00e9 aunque me resulta sumamente injusto que \npor los caprichos de un superior a los que yo no accedo, tenga que \nsufrir las consecuencias en mi trabajo. Tengo un legajo impecable y \nacept\u00e9 todos los traslados sin quejarme, pero esto ya es demasiado y por\n eso decid\u00ed hacer la denuncia\u00bb, manifest\u00f3 la agente, que cuenta con \ncapturas y audios relacionadas con su denuncia.<\/p>\n","protected":false},"excerpt":{"rendered":"<p>Una agente policial denunci\u00f3 al titular de la Agencia de Prevenci\u00f3n de la Violencia en el Deporte (APreViDe), Juan Manuel Lugones, por acoso sexual y laboral cuando cumpl\u00eda funciones en la sede del organismo de seguridad deportivo, ubicado en la capital bonaerense. La denuncia dada a conocer en la \u00faltimas horas fue radicada en la&hellip;<\/p>\n","protected":false},"author":1,"featured_media":93158,"comment_status":"open","ping_status":"open","sticky":false,"template":"","format":"standard","meta":{"footnotes":""},"categories":[6],"tags":[8660,4562,13789,7268,2450,31583,895],"class_list":["post-93157","post","type-post","status-publish","format-standard","has-post-thumbnail","hentry","category-denuncias","tag-acoso-laboral","tag-acoso-sexual","tag-aprevide","tag-denuncia-penal","tag-diario-el-sindical","tag-juan-manuel-lugones","tag-mujer-policia"],"_links":{"self":[{"href":"https:\/\/www.elsindical.com.ar\/notas\/wp-json\/wp\/v2\/posts\/93157","targetHints":{"allow":["GET"]}}],"collection":[{"href":"https:\/\/www.elsindical.com.ar\/notas\/wp-json\/wp\/v2\/posts"}],"about":[{"href":"https:\/\/www.elsindical.com.ar\/notas\/wp-json\/wp\/v2\/types\/post"}],"author":[{"embeddable":true,"href":"https:\/\/www.elsindical.com.ar\/notas\/wp-json\/wp\/v2\/users\/1"}],"replies":[{"embeddable":true,"href":"https:\/\/www.elsindical.com.ar\/notas\/wp-json\/wp\/v2\/comments?post=93157"}],"version-history":[{"count":1,"href":"https:\/\/www.elsindical.com.ar\/notas\/wp-json\/wp\/v2\/posts\/93157\/revisions"}],"predecessor-version":[{"id":93159,"href":"https:\/\/www.elsindical.com.ar\/notas\/wp-json\/wp\/v2\/posts\/93157\/revisions\/93159"}],"wp:featuredmedia":[{"embeddable":true,"href":"https:\/\/www.elsindical.com.ar\/notas\/wp-json\/wp\/v2\/media\/93158"}],"wp:attachment":[{"href":"https:\/\/www.elsindical.com.ar\/notas\/wp-json\/wp\/v2\/media?parent=93157"}],"wp:term":[{"taxonomy":"category","embeddable":true,"href":"https:\/\/www.elsindical.com.ar\/notas\/wp-json\/wp\/v2\/categories?post=93157"},{"taxonomy":"post_tag","embeddable":true,"href":"https:\/\/www.elsindical.com.ar\/notas\/wp-json\/wp\/v2\/tags?post=93157"}],"curies":[{"name":"wp","href":"https:\/\/api.w.org\/{rel}","templated":true}]}}