{"id":93146,"date":"2020-02-02T15:07:38","date_gmt":"2020-02-02T18:07:38","guid":{"rendered":"http:\/\/www.elsindical.com.ar\/notas\/?p=93146"},"modified":"2020-02-02T15:07:38","modified_gmt":"2020-02-02T18:07:38","slug":"inglaterra-panico-en-londres-la-policia-abatio-a-un-hombre-que-apunalo-a-varias-personas","status":"publish","type":"post","link":"https:\/\/www.elsindical.com.ar\/notas\/inglaterra-panico-en-londres-la-policia-abatio-a-un-hombre-que-apunalo-a-varias-personas\/","title":{"rendered":"Inglaterra: P\u00e1nico en Londres la polic\u00eda abati\u00f3 a un hombre que apu\u00f1al\u00f3 a varias personas"},"content":{"rendered":"\n<figure class=\"wp-block-image size-large\"><img loading=\"lazy\" decoding=\"async\" width=\"1024\" height=\"683\" src=\"http:\/\/www.elsindical.com.ar\/notas\/var\/www\/html\/notas\/wp-content\/uploads\/2020\/02\/oficiales-armados-en-Streatham-1024x683.jpg\" alt=\"\" class=\"wp-image-93147\" srcset=\"https:\/\/www.elsindical.com.ar\/notas\/var\/www\/html\/notas\/wp-content\/uploads\/2020\/02\/oficiales-armados-en-Streatham-1024x683.jpg 1024w, https:\/\/www.elsindical.com.ar\/notas\/var\/www\/html\/notas\/wp-content\/uploads\/2020\/02\/oficiales-armados-en-Streatham-300x200.jpg 300w, https:\/\/www.elsindical.com.ar\/notas\/var\/www\/html\/notas\/wp-content\/uploads\/2020\/02\/oficiales-armados-en-Streatham-768x512.jpg 768w, https:\/\/www.elsindical.com.ar\/notas\/var\/www\/html\/notas\/wp-content\/uploads\/2020\/02\/oficiales-armados-en-Streatham-450x300.jpg 450w, https:\/\/www.elsindical.com.ar\/notas\/var\/www\/html\/notas\/wp-content\/uploads\/2020\/02\/oficiales-armados-en-Streatham.jpg 1170w\" sizes=\"auto, (max-width: 1024px) 100vw, 1024px\" \/><\/figure>\n\n\n\n<p class=\"wp-block-paragraph\"> \u00abLas circunstancias  todav\u00eda se est\u00e1n analizando; el incidente ha sido declarado como  relacionado al terrorismo\u00bb, aclar\u00f3 un vocero de la fuerza a trav\u00e9s de su  cuenta de Twitter. <\/p>\n\n\n\n<p class=\"wp-block-paragraph\"><strong>La polic\u00eda londinense mat\u00f3 a tiros a un hombre que apu\u00f1al\u00f3 a varias personas en el sur de la capital brit\u00e1nica,<\/strong> en un hecho que fue calificado por las autoridades como un ataque terrorista.<\/p>\n\n\n\n<p class=\"wp-block-paragraph\">La polic\u00eda Metropolitana londinense inform\u00f3 que \u00abvarias personas fueron apu\u00f1aladas\u00bb en Streatham.<\/p>\n\n\n\n<p class=\"wp-block-paragraph\"><strong>\u00abLas circunstancias todav\u00eda se est\u00e1n analizando; el incidente  ha sido declarado como relacionado al terrorismo\u00bb, aclar\u00f3 un vocero de  la fuerza a trav\u00e9s de su cuenta de Twitter.<\/strong><\/p>\n\n\n\n<p class=\"wp-block-paragraph\">Asimismo, agreg\u00f3: \u00abEn esta etapa se cree que varias personas fueron \napu\u00f1aladas. Las circunstancias est\u00e1n siendo evaluadas; el incidente ha \nsido declarado relacionado con el terrorismo\u00bb, continu\u00f3 el mensaje de la\n Polic\u00eda londinense.<\/p>\n\n\n\n<p class=\"wp-block-paragraph\">Medios locales se\u00f1alaron que en lugar trabajan los servicios de emergencia, entre ellos param\u00e9dicos y agentes armados.<\/p>\n\n\n\n<p class=\"wp-block-paragraph\">En tanto, testigos presenciales indicaron a la BBC que se escucharon \ntres disparos despu\u00e9s de las 14.00, mientras que la Polic\u00eda \nMetropolitana solicit\u00f3 a los ciudadanos que no salgan de sus viviendas.<\/p>\n","protected":false},"excerpt":{"rendered":"<p>\u00abLas circunstancias todav\u00eda se est\u00e1n analizando; el incidente ha sido declarado como relacionado al terrorismo\u00bb, aclar\u00f3 un vocero de la fuerza a trav\u00e9s de su cuenta de Twitter. La polic\u00eda londinense mat\u00f3 a tiros a un hombre que apu\u00f1al\u00f3 a varias personas en el sur de la capital brit\u00e1nica, en un hecho que fue calificado&hellip;<\/p>\n","protected":false},"author":1,"featured_media":93147,"comment_status":"open","ping_status":"open","sticky":false,"template":"","format":"standard","meta":{"footnotes":""},"categories":[18],"tags":[1623,1974,32371,1624],"class_list":["post-93146","post","type-post","status-publish","format-standard","has-post-thumbnail","hentry","category-internacionales","tag-inglaterra","tag-londres","tag-policia-de-streatham","tag-twitter"],"_links":{"self":[{"href":"https:\/\/www.elsindical.com.ar\/notas\/wp-json\/wp\/v2\/posts\/93146","targetHints":{"allow":["GET"]}}],"collection":[{"href":"https:\/\/www.elsindical.com.ar\/notas\/wp-json\/wp\/v2\/posts"}],"about":[{"href":"https:\/\/www.elsindical.com.ar\/notas\/wp-json\/wp\/v2\/types\/post"}],"author":[{"embeddable":true,"href":"https:\/\/www.elsindical.com.ar\/notas\/wp-json\/wp\/v2\/users\/1"}],"replies":[{"embeddable":true,"href":"https:\/\/www.elsindical.com.ar\/notas\/wp-json\/wp\/v2\/comments?post=93146"}],"version-history":[{"count":1,"href":"https:\/\/www.elsindical.com.ar\/notas\/wp-json\/wp\/v2\/posts\/93146\/revisions"}],"predecessor-version":[{"id":93148,"href":"https:\/\/www.elsindical.com.ar\/notas\/wp-json\/wp\/v2\/posts\/93146\/revisions\/93148"}],"wp:featuredmedia":[{"embeddable":true,"href":"https:\/\/www.elsindical.com.ar\/notas\/wp-json\/wp\/v2\/media\/93147"}],"wp:attachment":[{"href":"https:\/\/www.elsindical.com.ar\/notas\/wp-json\/wp\/v2\/media?parent=93146"}],"wp:term":[{"taxonomy":"category","embeddable":true,"href":"https:\/\/www.elsindical.com.ar\/notas\/wp-json\/wp\/v2\/categories?post=93146"},{"taxonomy":"post_tag","embeddable":true,"href":"https:\/\/www.elsindical.com.ar\/notas\/wp-json\/wp\/v2\/tags?post=93146"}],"curies":[{"name":"wp","href":"https:\/\/api.w.org\/{rel}","templated":true}]}}