{"id":93138,"date":"2020-02-01T15:23:11","date_gmt":"2020-02-01T18:23:11","guid":{"rendered":"http:\/\/www.elsindical.com.ar\/notas\/?p=93138"},"modified":"2020-02-01T15:23:11","modified_gmt":"2020-02-01T18:23:11","slug":"simulo-ser-su-hijo-de-11-anos-en-instagram-para-detener-a-personal-trainer-que-lo-acosaba","status":"publish","type":"post","link":"https:\/\/www.elsindical.com.ar\/notas\/simulo-ser-su-hijo-de-11-anos-en-instagram-para-detener-a-personal-trainer-que-lo-acosaba\/","title":{"rendered":"Simul\u00f3 ser su hijo de 11 a\u00f1os en Instagram para detener a personal trainer que lo acosaba"},"content":{"rendered":"\n<figure class=\"wp-block-image size-large\"><img loading=\"lazy\" decoding=\"async\" width=\"800\" height=\"450\" src=\"http:\/\/www.elsindical.com.ar\/notas\/var\/www\/html\/notas\/wp-content\/uploads\/2020\/02\/entrenador-detenido-menores.jpg\" alt=\"\" class=\"wp-image-93139\" srcset=\"https:\/\/www.elsindical.com.ar\/notas\/var\/www\/html\/notas\/wp-content\/uploads\/2020\/02\/entrenador-detenido-menores.jpg 800w, https:\/\/www.elsindical.com.ar\/notas\/var\/www\/html\/notas\/wp-content\/uploads\/2020\/02\/entrenador-detenido-menores-300x169.jpg 300w, https:\/\/www.elsindical.com.ar\/notas\/var\/www\/html\/notas\/wp-content\/uploads\/2020\/02\/entrenador-detenido-menores-768x432.jpg 768w, https:\/\/www.elsindical.com.ar\/notas\/var\/www\/html\/notas\/wp-content\/uploads\/2020\/02\/entrenador-detenido-menores-500x281.jpg 500w, https:\/\/www.elsindical.com.ar\/notas\/var\/www\/html\/notas\/wp-content\/uploads\/2020\/02\/entrenador-detenido-menores-460x260.jpg 460w\" sizes=\"auto, (max-width: 800px) 100vw, 800px\" \/><\/figure>\n\n\n\n<p> El acosador es un  personal trainer de 23 a\u00f1os y el acosado, un ni\u00f1o de 11 a\u00f1os. Charlaban  por Instagram y continuaron con invitaciones a jugar a la play,  propuestas subidas de tono y un pedido de concretar un encuentro. <\/p>\n\n\n\n<p>Un <strong>chico de 11 a\u00f1os fue acosado sexualmente<\/strong> por un <strong>personal trainer <\/strong>que concurr\u00eda al mismo gimnasio que \u00e9l, en el barrio de Nueva Pompeya, en Buenos Aires.<\/p>\n\n\n\n<p>El acusado, que f<strong>ue detenido en las \u00faltimas horas<\/strong> por los delitos de tentativa de abuso sexual y grooming, <strong>lleg\u00f3 a pedirle al nene que \u00able regale un b\u00f3xer\u00bb<\/strong>. La primera vez que el acosador lo contact\u00f3 fue a trav\u00e9s de un <strong>mensaje en la red social Instagram<\/strong>  y a ese le siguieron otros tantos, en los que cada vez con mayor  insistencia le ped\u00eda que tuvieran un encuentro. Finalmente, los que  respondieron fueron los padres del menor y cay\u00f3 en la trampa.<\/p>\n\n\n\n<p>La<strong> v\u00edctima no se hab\u00eda animado a contar<\/strong> lo que  pasaba pero un d\u00eda, por accidente, sus padres lo descubrieron y se  hicieron pasar por \u00e9l para enga\u00f1ar al hombre. Al momento de hacer la  denuncia en la Comisar\u00eda 4 B de la Polic\u00eda de la Ciudad, el hombre cont\u00f3  que se dio cuenta de lo que estaba pasando cuando a su hijo se le  rompi\u00f3 el celular y le pidi\u00f3 prestado el suyo.<\/p>\n\n\n\n<p>\u00abA \u00e9l se le hab\u00eda roto el tel\u00e9fono el jueves cuando fue a jugar a la \npelota con su pap\u00e1 biol\u00f3gico y hab\u00eda estado llorando. Mandamos a \narreglar el tel\u00e9fono y \u00e9l me pide instalar el Instagram en mi tel\u00e9fono y\n yo se lo presto, y vinieron unos amiguitos y estuvieron hablando en la \npieza con esta persona que se llama Emanuel Infante, que por suerte est\u00e1\n detenido\u00bb, relat\u00f3 Diego, el padrastro del nene, quien se\u00f1al\u00f3 que tanto \n\u00e9l como su mujer conocen todas las claves de las redes sociales del \nmenor.<\/p>\n\n\n\n<p><strong>Como el nene no hab\u00eda cerrado correctamente la sesi\u00f3n, le lleg\u00f3 el aviso de un nuevo mensaje que despert\u00f3 su preocupaci\u00f3n.<\/strong><\/p>\n\n\n\n<figure class=\"wp-block-image\"><img decoding=\"async\" src=\"https:\/\/www.diario26.com\/media\/image\/2020\/02\/01\/440961.jpg\" alt=\"Personal trainer, detenci\u00f3n, cuenta falsa\"\/><\/figure>\n\n\n\n<p>\u00abEl vienes a la tarde, cuando Thiago se va a pasar el fin de semana \ncon el padre, me entra un mensaje al Instagram. El nombre de usuario es \nmanolete_laureano10. La gente lo tiene que saber porque el barrio est\u00e1 \nrevolucionado con este tema. No es su nombre y apellido porque se \nesconde detr\u00e1s de un perfil trucho\u00bb, se\u00f1al\u00f3.<\/p>\n\n\n\n<p>\u00abEl mensaje dec\u00eda <strong>\u00b4hola<\/strong><strong> c\u00f3mo est\u00e1s beb\u00e9, tenemos que encontrarnos y un coraz\u00f3n&#8217;<\/strong>.\n Lo que m\u00e1s me llam\u00f3 la atenci\u00f3n es que dec\u00eda &#8216;necesito que me regales \nun boxer\u00b4. Empiezo a mirar el perfil y me llam\u00f3 la atenci\u00f3n. Ah\u00ed veo el \ngimnasio donde va mi hijastro a jugar al f\u00fatbol. Esta persona hac\u00eda \nfierros ah\u00ed y tengo entendido que hac\u00eda dos meses le pidieron que dejara\n de ir porque siempre se rodeaba de menores\u00bb, cont\u00f3.<\/p>\n\n\n\n<p>Alertado por lo que estaba sucediendo,<strong> le cont\u00f3 a su mujer y decidieron intervenir para evitar que su hijo fuera v\u00edctima de grooming<\/strong>. Se hicieron pasar por \u00e9l, aceptaron la invitaci\u00f3n y pactaron un horario y un lugar para la supuesta cita.<\/p>\n\n\n\n<p>El hombre vest\u00eda un remera ajustada al cuerpo y short deportivo fue \ndetenido y ante la presencia de testigos se procedi\u00f3 a la identificaci\u00f3n\n y a la requisa de las pertenencias que llevaba en su bolso.<\/p>\n\n\n\n<p>Llevaba encima una mochila que en el interior tenia tres \npreservativos y un frasco de \u201cEstanozolol\u201d de 10 miligramos. Se trata de\n un esteroide que adem\u00e1s de su efecto anab\u00f3lico aumenta el impulso \nsexual en los adultos y ayuda al desarrollo sexual en los varones.<\/p>\n\n\n\n<p>Del procedimiento tambi\u00e9n formaron parte personal del Centro de  Informaci\u00f3n Judicial (CIJ) del Ministerio P\u00fablico Fiscal y especialistas  de Delitos Inform\u00e1ticos de la fuerza porte\u00f1a.<\/p>\n\n\n\n<p>La causa es investigada por la Fiscal\u00eda Penal Contravencional y de \nFaltas N\u00b0 35, a cargo de la Dra. Celsa Ram\u00edrez, quien tratar\u00e1 de \ndeterminar si se trat\u00f3 de un caso aislado o si el hombre usaba el \ngimnasio como excusa para conocer menores y seducirlos. No descartan que\n haya m\u00e1s v\u00edctimas.<\/p>\n\n\n\n<p><strong>Los investigadores buscan ahora determinar si se trat\u00f3 de un \ncaso aislado o si el hombre usaba el gimnasio como excusa para conocer \nmenores y seducirlos. En ese caso, no descartan que haya m\u00e1s v\u00edctimas.<\/strong><\/p>\n\n\n\n<p><\/p>\n","protected":false},"excerpt":{"rendered":"<p>El acosador es un personal trainer de 23 a\u00f1os y el acosado, un ni\u00f1o de 11 a\u00f1os. Charlaban por Instagram y continuaron con invitaciones a jugar a la play, propuestas subidas de tono y un pedido de concretar un encuentro. Un chico de 11 a\u00f1os fue acosado sexualmente por un personal trainer que concurr\u00eda al&hellip;<\/p>\n","protected":false},"author":1,"featured_media":93139,"comment_status":"open","ping_status":"open","sticky":false,"template":"","format":"standard","meta":{"footnotes":""},"categories":[22],"tags":[783,32368,14336,32367],"class_list":["post-93138","post","type-post","status-publish","format-standard","has-post-thumbnail","hentry","category-policiales","tag-abuso-sexual","tag-acoso-sexual-a-menores","tag-instagram","tag-personal-trainer"],"_links":{"self":[{"href":"https:\/\/www.elsindical.com.ar\/notas\/wp-json\/wp\/v2\/posts\/93138","targetHints":{"allow":["GET"]}}],"collection":[{"href":"https:\/\/www.elsindical.com.ar\/notas\/wp-json\/wp\/v2\/posts"}],"about":[{"href":"https:\/\/www.elsindical.com.ar\/notas\/wp-json\/wp\/v2\/types\/post"}],"author":[{"embeddable":true,"href":"https:\/\/www.elsindical.com.ar\/notas\/wp-json\/wp\/v2\/users\/1"}],"replies":[{"embeddable":true,"href":"https:\/\/www.elsindical.com.ar\/notas\/wp-json\/wp\/v2\/comments?post=93138"}],"version-history":[{"count":1,"href":"https:\/\/www.elsindical.com.ar\/notas\/wp-json\/wp\/v2\/posts\/93138\/revisions"}],"predecessor-version":[{"id":93140,"href":"https:\/\/www.elsindical.com.ar\/notas\/wp-json\/wp\/v2\/posts\/93138\/revisions\/93140"}],"wp:featuredmedia":[{"embeddable":true,"href":"https:\/\/www.elsindical.com.ar\/notas\/wp-json\/wp\/v2\/media\/93139"}],"wp:attachment":[{"href":"https:\/\/www.elsindical.com.ar\/notas\/wp-json\/wp\/v2\/media?parent=93138"}],"wp:term":[{"taxonomy":"category","embeddable":true,"href":"https:\/\/www.elsindical.com.ar\/notas\/wp-json\/wp\/v2\/categories?post=93138"},{"taxonomy":"post_tag","embeddable":true,"href":"https:\/\/www.elsindical.com.ar\/notas\/wp-json\/wp\/v2\/tags?post=93138"}],"curies":[{"name":"wp","href":"https:\/\/api.w.org\/{rel}","templated":true}]}}