{"id":93093,"date":"2020-01-31T19:12:51","date_gmt":"2020-01-31T22:12:51","guid":{"rendered":"http:\/\/www.elsindical.com.ar\/notas\/?p=93093"},"modified":"2020-01-31T19:12:51","modified_gmt":"2020-01-31T22:12:51","slug":"concejales-de-juntos-por-el-cambio-no-cambian","status":"publish","type":"post","link":"https:\/\/www.elsindical.com.ar\/notas\/concejales-de-juntos-por-el-cambio-no-cambian\/","title":{"rendered":"Concejales de Juntos por el Cambio no cambian"},"content":{"rendered":"\n<figure class=\"wp-block-image size-large\"><img loading=\"lazy\" decoding=\"async\" width=\"800\" height=\"534\" src=\"http:\/\/www.elsindical.com.ar\/notas\/var\/www\/html\/notas\/wp-content\/uploads\/2019\/03\/Fernando-Landaburu-sonrisa.jpg\" alt=\"\" class=\"wp-image-85865\" srcset=\"https:\/\/www.elsindical.com.ar\/notas\/var\/www\/html\/notas\/wp-content\/uploads\/2019\/03\/Fernando-Landaburu-sonrisa.jpg 800w, https:\/\/www.elsindical.com.ar\/notas\/var\/www\/html\/notas\/wp-content\/uploads\/2019\/03\/Fernando-Landaburu-sonrisa-300x200.jpg 300w, https:\/\/www.elsindical.com.ar\/notas\/var\/www\/html\/notas\/wp-content\/uploads\/2019\/03\/Fernando-Landaburu-sonrisa-768x513.jpg 768w, https:\/\/www.elsindical.com.ar\/notas\/var\/www\/html\/notas\/wp-content\/uploads\/2019\/03\/Fernando-Landaburu-sonrisa-449x300.jpg 449w\" sizes=\"auto, (max-width: 800px) 100vw, 800px\" \/><\/figure>\n\n\n\n<p> Podr\u00edamos decir con total seguridad que los concejales de Juntos por el Cambio de Avellaneda son INCORREGIBLES, lejos de aceptar y analizar las criticas, siguen en su soberbia de creer que los eligen por ser unos iluminados, cuando en realidad los eligen para que exista pluralidad de representaci\u00f3n pol\u00edtica.<\/p>\n\n\n\n<p>En una nueva muestra de incapacidad intelectual, los concejales Fernando Landaburu, Rub\u00e9n Conde, Lucas Yacob y Silvia Diana, firman un proyecto de resoluci\u00f3n de una carilla y media, s\u00ed aunque usted no lo crea, estos iluminados, condensan d\u00edas y d\u00edas de problemas de inseguridad, en menos de dos carillas, con una vaguedad tan gen\u00e9rica que en realidad no dice ni propone nada.<\/p>\n\n\n\n<p>Ya el comienzo de la nota deja en evidencia que estos concejales se informan por medios locales que de periodismo de investigaci\u00f3n no tienen nada, son tan poco serios varios seudo periodistas que son contadas las veces que se mueven de un sill\u00f3n, mucho menos han estado en los lugares para escribir con coherencia, se se\u00f1ala como el lugar donde terminan los autos robados en Avellaneda a la Villa Zavaleta, lo cual es una verdad a medias, porque el mismo porcentaje de autos robados aparecen en Villa Tranquila, incluso los concejales deber\u00edan explicar de d\u00f3nde se nutren de auto partes los desarmaderos locales o por qu\u00e9 nunca se ocuparon de pedir informes sobre una conocida agencia de autos de Wilde que tuvo tres allanamientos donde hab\u00eda autos robados para la venta, raro porque sus campa\u00f1as suelen hacerla en Wilde.<\/p>\n\n\n\n<p>Habla de los operativos de control, algo que hace a\u00f1os se realiza y que no han mejorado las estad\u00edsticas porque no alcanza con el control veh\u00edcular est\u00e1tico, sino que es necesario que ese operativo cuente con m\u00f3viles de apoyo que puedan operar de manera satelital en la prevenci\u00f3n, pero es evidente que de eso no saben nada.<\/p>\n\n\n\n<p>Es para re\u00edrse el p\u00e1rrafo donde dice que es su deber como representantes de los vecinos IMAGINAR propuestas para la seguridad, se\u00f1ores, ustedes se burlan de los vecinos, se enteraron que hay muertos?, no hay tiempo para imaginar, sino para trabajar con gente que sepa, si ustedes no saben, dejen de lado los \u00f1oquis pol\u00edticos que los rodean y contraten gente que tenga conocimientos reales en la materia.<\/p>\n\n\n\n<p>Solo coincido en que el Ejecutivo tiene los recursos para mejorar la seguridad en el municipio, pero tambi\u00e9n tiene el intendente la obligaci\u00f3n de relevar de sus cargos a los funcionarios de seguridad que en a\u00f1os no han sabido siquiera comunicarse con los vecinos.<\/p>\n\n\n\n<p>Tengo un aprecio personal por Conde, pero me sorprende que firme semejante pavada pol\u00edtica, le consta que en su momento le propuse avanzar en delitos que se comet\u00edan con impunidad en Avellaneda y su amigo personal, ex secretario de seguridad Gerardo Mellman no quiso hacer nada porque era Avellaneda y el intendente opositor, es decir, que se jodan los vecinos, tambi\u00e9n es curioso que una abogada como es la concejal Diana se sume y se haga la desentendida cuando ella mejor que nadie sabe que la inseguridad tiene un problema muy grave y es el abuso de la excarcelaci\u00f3n por aplicaci\u00f3n del Art. 161 que hacen los fiscales, as\u00ed, es com\u00fan que delincuentes reincidan, a sabiendas que solo los van a demorar unas horas, el problema es peor si se trata de menores, ya que la Justicia de Responsabilidad Juvenil, es abstracta, cuando hacia campa\u00f1a le propuse hacer un pedido formal a la Procuraci\u00f3n General de la Provincia de Buenos Aires y nunca mostr\u00f3 inter\u00e9s en el tema, claro, lo m\u00e1s sencillo es firmar una pavada que no mejora nada, pero que les da chapa para hacer pol\u00edtica.<\/p>\n\n\n\n<p>Fernando Landaburu es quiz\u00e1s el m\u00e1s rid\u00edculo, personalmente le dije que en el tema de los manteros de Sarand\u00ed, las declaraciones de uno de los inspectores y los papelitos que menciona en su presentaci\u00f3n en el HCD constituyen por s\u00ed un delito de acci\u00f3n penal, que deber\u00eda como oposici\u00f3n acompa\u00f1ar el proyecto con la denuncia penal, bueno, otro oportunista pol\u00edtico, que prefiere el circo pol\u00edtico y no representar a los vecinos con HONOR, los conozco y s\u00e9 el calibre de personajes que son, dejen de burlarse de los vecinos y joder con un tema tan delicado como la inseguridad, trabajen de verdad, con respeto y conocimiento.<\/p>\n\n\n\n<p>Por Marcelo Ricardo Hawrylciw<\/p>\n\n\n\n<figure class=\"wp-block-gallery columns-1 is-cropped wp-block-gallery-1 is-layout-flex wp-block-gallery-is-layout-flex\"><ul class=\"blocks-gallery-grid\"><li class=\"blocks-gallery-item\"><figure><img loading=\"lazy\" decoding=\"async\" width=\"801\" height=\"1024\" src=\"http:\/\/www.elsindical.com.ar\/notas\/var\/www\/html\/notas\/wp-content\/uploads\/2020\/01\/Proyecto-de-resoluci\u00f3n-seg-1-801x1024.jpg\" alt=\"\" data-id=\"93095\" data-full-url=\"http:\/\/www.elsindical.com.ar\/notas\/var\/www\/html\/notas\/wp-content\/uploads\/2020\/01\/Proyecto-de-resoluci\u00f3n-seg-1.jpg\" data-link=\"http:\/\/www.elsindical.com.ar\/notas\/?attachment_id=93095#main\" class=\"wp-image-93095\" srcset=\"https:\/\/www.elsindical.com.ar\/notas\/var\/www\/html\/notas\/wp-content\/uploads\/2020\/01\/Proyecto-de-resoluci\u00f3n-seg-1-801x1024.jpg 801w, https:\/\/www.elsindical.com.ar\/notas\/var\/www\/html\/notas\/wp-content\/uploads\/2020\/01\/Proyecto-de-resoluci\u00f3n-seg-1-235x300.jpg 235w, https:\/\/www.elsindical.com.ar\/notas\/var\/www\/html\/notas\/wp-content\/uploads\/2020\/01\/Proyecto-de-resoluci\u00f3n-seg-1-768x981.jpg 768w, https:\/\/www.elsindical.com.ar\/notas\/var\/www\/html\/notas\/wp-content\/uploads\/2020\/01\/Proyecto-de-resoluci\u00f3n-seg-1.jpg 886w\" sizes=\"auto, (max-width: 801px) 100vw, 801px\" \/><\/figure><\/li><\/ul><\/figure>\n\n\n\n<figure class=\"wp-block-image size-large\"><img loading=\"lazy\" decoding=\"async\" width=\"736\" height=\"1024\" src=\"http:\/\/www.elsindical.com.ar\/notas\/var\/www\/html\/notas\/wp-content\/uploads\/2020\/01\/Proyecto-de-resoluci\u00f3n-seg-2-736x1024.jpg\" alt=\"\" class=\"wp-image-93094\" srcset=\"https:\/\/www.elsindical.com.ar\/notas\/var\/www\/html\/notas\/wp-content\/uploads\/2020\/01\/Proyecto-de-resoluci\u00f3n-seg-2-736x1024.jpg 736w, https:\/\/www.elsindical.com.ar\/notas\/var\/www\/html\/notas\/wp-content\/uploads\/2020\/01\/Proyecto-de-resoluci\u00f3n-seg-2-216x300.jpg 216w, https:\/\/www.elsindical.com.ar\/notas\/var\/www\/html\/notas\/wp-content\/uploads\/2020\/01\/Proyecto-de-resoluci\u00f3n-seg-2-768x1068.jpg 768w, https:\/\/www.elsindical.com.ar\/notas\/var\/www\/html\/notas\/wp-content\/uploads\/2020\/01\/Proyecto-de-resoluci\u00f3n-seg-2.jpg 886w\" sizes=\"auto, (max-width: 736px) 100vw, 736px\" \/><\/figure>\n","protected":false},"excerpt":{"rendered":"<p>Podr\u00edamos decir con total seguridad que los concejales de Juntos por el Cambio de Avellaneda son INCORREGIBLES, lejos de aceptar y analizar las criticas, siguen en su soberbia de creer que los eligen por ser unos iluminados, cuando en realidad los eligen para que exista pluralidad de representaci\u00f3n pol\u00edtica. En una nueva muestra de incapacidad&hellip;<\/p>\n","protected":false},"author":1,"featured_media":85865,"comment_status":"open","ping_status":"open","sticky":false,"template":"","format":"standard","meta":{"footnotes":""},"categories":[10],"tags":[22169,21713,5885,984,1062,29303,15385,32134],"class_list":["post-93093","post","type-post","status-publish","format-standard","has-post-thumbnail","hentry","category-editorial","tag-cambiemos","tag-fernando-landaburu","tag-fiscales","tag-inseguridad","tag-jorge-ferraresi","tag-lucas-yacob","tag-ruben-conde","tag-silvia-diana"],"_links":{"self":[{"href":"https:\/\/www.elsindical.com.ar\/notas\/wp-json\/wp\/v2\/posts\/93093","targetHints":{"allow":["GET"]}}],"collection":[{"href":"https:\/\/www.elsindical.com.ar\/notas\/wp-json\/wp\/v2\/posts"}],"about":[{"href":"https:\/\/www.elsindical.com.ar\/notas\/wp-json\/wp\/v2\/types\/post"}],"author":[{"embeddable":true,"href":"https:\/\/www.elsindical.com.ar\/notas\/wp-json\/wp\/v2\/users\/1"}],"replies":[{"embeddable":true,"href":"https:\/\/www.elsindical.com.ar\/notas\/wp-json\/wp\/v2\/comments?post=93093"}],"version-history":[{"count":1,"href":"https:\/\/www.elsindical.com.ar\/notas\/wp-json\/wp\/v2\/posts\/93093\/revisions"}],"predecessor-version":[{"id":93096,"href":"https:\/\/www.elsindical.com.ar\/notas\/wp-json\/wp\/v2\/posts\/93093\/revisions\/93096"}],"wp:featuredmedia":[{"embeddable":true,"href":"https:\/\/www.elsindical.com.ar\/notas\/wp-json\/wp\/v2\/media\/85865"}],"wp:attachment":[{"href":"https:\/\/www.elsindical.com.ar\/notas\/wp-json\/wp\/v2\/media?parent=93093"}],"wp:term":[{"taxonomy":"category","embeddable":true,"href":"https:\/\/www.elsindical.com.ar\/notas\/wp-json\/wp\/v2\/categories?post=93093"},{"taxonomy":"post_tag","embeddable":true,"href":"https:\/\/www.elsindical.com.ar\/notas\/wp-json\/wp\/v2\/tags?post=93093"}],"curies":[{"name":"wp","href":"https:\/\/api.w.org\/{rel}","templated":true}]}}