{"id":93030,"date":"2020-01-29T12:45:38","date_gmt":"2020-01-29T15:45:38","guid":{"rendered":"http:\/\/www.elsindical.com.ar\/notas\/?p=93030"},"modified":"2020-01-29T18:58:59","modified_gmt":"2020-01-29T21:58:59","slug":"denuncian-que-su-perro-fue-robado-y-asesinado-por-drogadictos","status":"publish","type":"post","link":"https:\/\/www.elsindical.com.ar\/notas\/denuncian-que-su-perro-fue-robado-y-asesinado-por-drogadictos\/","title":{"rendered":"Denuncia que su perro fue robado y asesinado por drogadictos"},"content":{"rendered":"\n<figure class=\"wp-block-image size-large\"><img loading=\"lazy\" decoding=\"async\" width=\"714\" height=\"960\" src=\"http:\/\/www.elsindical.com.ar\/notas\/var\/www\/html\/notas\/wp-content\/uploads\/2020\/01\/Toro.jpg\" alt=\"\" class=\"wp-image-93031\" srcset=\"https:\/\/www.elsindical.com.ar\/notas\/var\/www\/html\/notas\/wp-content\/uploads\/2020\/01\/Toro.jpg 714w, https:\/\/www.elsindical.com.ar\/notas\/var\/www\/html\/notas\/wp-content\/uploads\/2020\/01\/Toro-223x300.jpg 223w\" sizes=\"auto, (max-width: 714px) 100vw, 714px\" \/><\/figure>\n\n\n\n<p> Desde su perfil en Facebook una mujer denuncia que su perro fue robada y asesinado por drogadictos, lo que gener\u00f3 el repudio generalizado de los lectores, el relato de <a href=\"https:\/\/www.facebook.com\/emanuel.echegaray.90\">Ema Mili<\/a>: <\/p>\n\n\n\n<p><em><strong>Tarde o temprano nos ibamos a enterar que fue que pas\u00f3 con nuestro amado  perro y doy gracias a la gente que nos pudo dar informaci\u00f3n y fueron  valientes y hablaron . A nuestro perro lo robaron y se lo llevaron a la  fuerza atado a un carro arrastr\u00e1ndolo con el fin de venderlo por droga o  hacer un intercambio por droga , esto no es joda .cuando se dieron  cuenta que ya no pod\u00edan tenerlo m\u00e1s por esta noticia se estaba  divulgando por todos lados lo terminaron de matar  y esto pasa a  dos cuadras de mi casa en el barrio San Pedro,  ya tenemos nombres y  sabemos quienes son los que le hicieron esto a Toro y no nos van a  callar , esto se tiene que hacer viral , tiene que ver una justicia por  toro y por que no le pase a ning\u00fan otro perro . Hoy fue toro y ma\u00f1ana no  sabemos que pueden hacer por dos o tres gramos de droga ! Ayuden a  compartir.  Gracias a todos por estar con nosotros y hacer viral esta  noticia . <\/strong><\/em><\/p>\n\n\n\n<figure class=\"wp-block-image size-large\"><img loading=\"lazy\" decoding=\"async\" width=\"720\" height=\"960\" src=\"http:\/\/www.elsindical.com.ar\/notas\/var\/www\/html\/notas\/wp-content\/uploads\/2020\/01\/Toro-2.jpg\" alt=\"\" class=\"wp-image-93032\" srcset=\"https:\/\/www.elsindical.com.ar\/notas\/var\/www\/html\/notas\/wp-content\/uploads\/2020\/01\/Toro-2.jpg 720w, https:\/\/www.elsindical.com.ar\/notas\/var\/www\/html\/notas\/wp-content\/uploads\/2020\/01\/Toro-2-225x300.jpg 225w\" sizes=\"auto, (max-width: 720px) 100vw, 720px\" \/><\/figure>\n","protected":false},"excerpt":{"rendered":"<p>Desde su perfil en Facebook una mujer denuncia que su perro fue robada y asesinado por drogadictos, lo que gener\u00f3 el repudio generalizado de los lectores, el relato de Ema Mili: Tarde o temprano nos ibamos a enterar que fue que pas\u00f3 con nuestro amado perro y doy gracias a la gente que nos pudo&hellip;<\/p>\n","protected":false},"author":1,"featured_media":93031,"comment_status":"open","ping_status":"open","sticky":false,"template":"","format":"standard","meta":{"footnotes":""},"categories":[6],"tags":[363,32340,11075,1855,3473],"class_list":["post-93030","post","type-post","status-publish","format-standard","has-post-thumbnail","hentry","category-denuncias","tag-asesinato","tag-bullterrier","tag-drogadictos","tag-san-pedro","tag-toro"],"_links":{"self":[{"href":"https:\/\/www.elsindical.com.ar\/notas\/wp-json\/wp\/v2\/posts\/93030","targetHints":{"allow":["GET"]}}],"collection":[{"href":"https:\/\/www.elsindical.com.ar\/notas\/wp-json\/wp\/v2\/posts"}],"about":[{"href":"https:\/\/www.elsindical.com.ar\/notas\/wp-json\/wp\/v2\/types\/post"}],"author":[{"embeddable":true,"href":"https:\/\/www.elsindical.com.ar\/notas\/wp-json\/wp\/v2\/users\/1"}],"replies":[{"embeddable":true,"href":"https:\/\/www.elsindical.com.ar\/notas\/wp-json\/wp\/v2\/comments?post=93030"}],"version-history":[{"count":2,"href":"https:\/\/www.elsindical.com.ar\/notas\/wp-json\/wp\/v2\/posts\/93030\/revisions"}],"predecessor-version":[{"id":93034,"href":"https:\/\/www.elsindical.com.ar\/notas\/wp-json\/wp\/v2\/posts\/93030\/revisions\/93034"}],"wp:featuredmedia":[{"embeddable":true,"href":"https:\/\/www.elsindical.com.ar\/notas\/wp-json\/wp\/v2\/media\/93031"}],"wp:attachment":[{"href":"https:\/\/www.elsindical.com.ar\/notas\/wp-json\/wp\/v2\/media?parent=93030"}],"wp:term":[{"taxonomy":"category","embeddable":true,"href":"https:\/\/www.elsindical.com.ar\/notas\/wp-json\/wp\/v2\/categories?post=93030"},{"taxonomy":"post_tag","embeddable":true,"href":"https:\/\/www.elsindical.com.ar\/notas\/wp-json\/wp\/v2\/tags?post=93030"}],"curies":[{"name":"wp","href":"https:\/\/api.w.org\/{rel}","templated":true}]}}