{"id":92963,"date":"2020-01-28T14:18:02","date_gmt":"2020-01-28T17:18:02","guid":{"rendered":"http:\/\/www.elsindical.com.ar\/notas\/?p=92963"},"modified":"2020-01-28T14:18:02","modified_gmt":"2020-01-28T17:18:02","slug":"daniel-garcia-defensor-del-pueblo","status":"publish","type":"post","link":"https:\/\/www.elsindical.com.ar\/notas\/daniel-garcia-defensor-del-pueblo\/","title":{"rendered":"Daniel Garc\u00eda \u00bfDefensor del Pueblo?"},"content":{"rendered":"\n<figure class=\"wp-block-image size-large\"><img loading=\"lazy\" decoding=\"async\" width=\"732\" height=\"851\" src=\"http:\/\/www.elsindical.com.ar\/notas\/var\/www\/html\/notas\/wp-content\/uploads\/2020\/01\/Garc\u00eda-defensor-del-pueblo.jpg\" alt=\"\" class=\"wp-image-92964\" srcset=\"https:\/\/www.elsindical.com.ar\/notas\/var\/www\/html\/notas\/wp-content\/uploads\/2020\/01\/Garc\u00eda-defensor-del-pueblo.jpg 732w, https:\/\/www.elsindical.com.ar\/notas\/var\/www\/html\/notas\/wp-content\/uploads\/2020\/01\/Garc\u00eda-defensor-del-pueblo-258x300.jpg 258w\" sizes=\"auto, (max-width: 732px) 100vw, 732px\" \/><\/figure>\n\n\n\n<p class=\"wp-block-paragraph\">     En un nuevo comunicado de la\nDefensor\u00eda del Pueblo de Avellaneda, se hace evidente que Daniel\nGarc\u00eda no est\u00e1 capacitado para el cargo y que carece del personal\nid\u00f3neo para asesorarlo en una important\u00edsima funci\u00f3n como es la de\nla figura de Defensor del Pueblo.<\/p>\n\n\n\n<p class=\"wp-block-paragraph\">No se trata de subir una foto y mostrar\nun pedido de pocas l\u00edneas que no reviste la calidad t\u00e9cnica y\ndesarrollada que se espera de una instituci\u00f3n que debe elaborar\ndict\u00e1menes con fundamento, en lugar de la vaguedad de contenidos y\ncon una recomendaci\u00f3n que pondera el trabajo por sobre la salud y la\nprotecci\u00f3n del medio ambiente.<\/p>\n\n\n\n<p class=\"wp-block-paragraph\">Se agrava el breve contenido de la recomendaci\u00f3n en cuanto de forma temeraria la Defensor\u00eda del Pueblo se dirige al OPDS (Organismo Provincial para el Desarrollo Sostenible) solicitando informes que exceden la competencia del Defensor del Pueblo en cuanto no es un \u00f3rgano superior del OPDS y mucho menos cuando para tal pedido de levantamiento de clausura no funda el pedido en ning\u00fan informe al respecto, solo menciona sin descibir en qu\u00e9 consistieron las inspecciones.<\/p>\n\n\n\n<p class=\"wp-block-paragraph\">Que la firma en cuesti\u00f3n por la que el\nDefensor del Pueblo de Avellaneda Daniel Garc\u00eda solicita el\nlevantamiento, registra varias clausuras por incumplir con las\ndisposiciones vigentes y normativas tanto nacionales como\nprovinciales, normativas que son de car\u00e1cter obligatoria y de rango\nconstitucional en cuanto se basan en la protecci\u00f3n de la salud de\nlos trabajadores, de la poblaci\u00f3n y del medio ambiente. Por cuanto\nmal representados est\u00e1n los derechos de un trabajador si la\ncondici\u00f3n de trabajo afectar\u00e1 su salud y la de la poblaci\u00f3n.<\/p>\n\n\n\n<p class=\"wp-block-paragraph\">Que es una falacia iniciar la intervenci\u00f3n de la Defensor\u00eda del Pueblo por pedido de un trabajador y bajo el argumento de que la clausura afecta la fuente laboral, cuando es la propia firma \u201cPedro Storm SACIF con CUIT 30-52601008-2  con domicilio en CABA y planta en la calle Salta 238 de la localidad de Gerli, partido de Lan\u00fas, la que se encuentra con varios pedidos de concurso y avanzados juicios ejecutivos con pedido de embargo y remate por parte del municipio de Lan\u00fas, sin que a la fecha se hayan cancelado las deudas reclamadas, id\u00e9ntica situaci\u00f3n judicial se encuentra entre la empresa y la Fiscal\u00eda de Estado, con lo cual, la estabilidad laboral y la fuente de trabajo se encuentra m\u00e1s en riesgo por la empresa que por la sanci\u00f3n impuesta, que no es caprichosa sino en resguardo de la salud, la vida y el medio ambiente.<\/p>\n\n\n\n<p class=\"wp-block-paragraph\">M\u00e1s a\u00fan la empresa se encuentra en\nmora en las demandas laborales iniciadas por trabajadores y\ndespedidos donde se le reclama el pago de los peritos como para tener\nuna idea de que se esta hablando.<\/p>\n\n\n\n<p class=\"wp-block-paragraph\">Resulta de una enorme gravedad\ninstitucional que un Defensor del Pueblo actu\u00e9 de forma tan\nirresponsable sin tener en cuenta la cantidad de denuncias realizadas\npor vecinos, por los olores nauseabundos y los derrames de flu\u00eddos\nque desde la empresa se realizan.<\/p>\n\n\n\n<p class=\"wp-block-paragraph\">La recomendaci\u00f3n N\u00b0 542 de la\nDefensor\u00eda del Pueblo de Avellaneda, confirma de manera contundente,\nque nuestros concejales hace muchos a\u00f1os, eligen en el cargo de\nDefensor del Pueblo por conveniencia y acuerdos pol\u00edticos y no por\ncapacidad para ejercer el cargo.<\/p>\n\n\n\n<p class=\"wp-block-paragraph\">Un hombre de bien, pedir\u00eda disculpas por este mamarracho administrativo, veremos qu\u00e9 hace el se\u00f1or Daniel Garc\u00eda, que ya deber\u00eda evaluar si est\u00e1 rodeado de un equipo de trabajo eficiente.<\/p>\n\n\n\n<p class=\"wp-block-paragraph\">Como dato curioso en el link de clausuras y levantamientos, no se encuentra informaci\u00f3n actualizada.<\/p>\n\n\n\n<p class=\"wp-block-paragraph\">Por Marcelo Ricardo Hawrylciw<\/p>\n\n\n\n<figure class=\"wp-block-image size-large\"><img loading=\"lazy\" decoding=\"async\" width=\"974\" height=\"760\" src=\"http:\/\/www.elsindical.com.ar\/notas\/var\/www\/html\/notas\/wp-content\/uploads\/2020\/01\/recomendaci\u00f3n-542.jpg\" alt=\"\" class=\"wp-image-92965\" srcset=\"https:\/\/www.elsindical.com.ar\/notas\/var\/www\/html\/notas\/wp-content\/uploads\/2020\/01\/recomendaci\u00f3n-542.jpg 974w, https:\/\/www.elsindical.com.ar\/notas\/var\/www\/html\/notas\/wp-content\/uploads\/2020\/01\/recomendaci\u00f3n-542-300x234.jpg 300w, https:\/\/www.elsindical.com.ar\/notas\/var\/www\/html\/notas\/wp-content\/uploads\/2020\/01\/recomendaci\u00f3n-542-768x599.jpg 768w, https:\/\/www.elsindical.com.ar\/notas\/var\/www\/html\/notas\/wp-content\/uploads\/2020\/01\/recomendaci\u00f3n-542-384x300.jpg 384w\" sizes=\"auto, (max-width: 974px) 100vw, 974px\" \/><\/figure>\n","protected":false},"excerpt":{"rendered":"<p>En un nuevo comunicado de la Defensor\u00eda del Pueblo de Avellaneda, se hace evidente que Daniel Garc\u00eda no est\u00e1 capacitado para el cargo y que carece del personal id\u00f3neo para asesorarlo en una important\u00edsima funci\u00f3n como es la de la figura de Defensor del Pueblo. No se trata de subir una foto y mostrar un&hellip;<\/p>\n","protected":false},"author":1,"featured_media":92964,"comment_status":"open","ping_status":"open","sticky":false,"template":"","format":"standard","meta":{"footnotes":""},"categories":[10],"tags":[2407,3516,18600,2450,9482,19807,32330,22031],"class_list":["post-92963","post","type-post","status-publish","format-standard","has-post-thumbnail","hentry","category-editorial","tag-clausura","tag-daniel-garcia","tag-defensoria-del-pueblo-de-avellaneda","tag-diario-el-sindical","tag-medio-ambiente","tag-opds","tag-pedro-storm","tag-salud"],"_links":{"self":[{"href":"https:\/\/www.elsindical.com.ar\/notas\/wp-json\/wp\/v2\/posts\/92963","targetHints":{"allow":["GET"]}}],"collection":[{"href":"https:\/\/www.elsindical.com.ar\/notas\/wp-json\/wp\/v2\/posts"}],"about":[{"href":"https:\/\/www.elsindical.com.ar\/notas\/wp-json\/wp\/v2\/types\/post"}],"author":[{"embeddable":true,"href":"https:\/\/www.elsindical.com.ar\/notas\/wp-json\/wp\/v2\/users\/1"}],"replies":[{"embeddable":true,"href":"https:\/\/www.elsindical.com.ar\/notas\/wp-json\/wp\/v2\/comments?post=92963"}],"version-history":[{"count":1,"href":"https:\/\/www.elsindical.com.ar\/notas\/wp-json\/wp\/v2\/posts\/92963\/revisions"}],"predecessor-version":[{"id":92966,"href":"https:\/\/www.elsindical.com.ar\/notas\/wp-json\/wp\/v2\/posts\/92963\/revisions\/92966"}],"wp:featuredmedia":[{"embeddable":true,"href":"https:\/\/www.elsindical.com.ar\/notas\/wp-json\/wp\/v2\/media\/92964"}],"wp:attachment":[{"href":"https:\/\/www.elsindical.com.ar\/notas\/wp-json\/wp\/v2\/media?parent=92963"}],"wp:term":[{"taxonomy":"category","embeddable":true,"href":"https:\/\/www.elsindical.com.ar\/notas\/wp-json\/wp\/v2\/categories?post=92963"},{"taxonomy":"post_tag","embeddable":true,"href":"https:\/\/www.elsindical.com.ar\/notas\/wp-json\/wp\/v2\/tags?post=92963"}],"curies":[{"name":"wp","href":"https:\/\/api.w.org\/{rel}","templated":true}]}}