{"id":92952,"date":"2020-01-28T09:50:51","date_gmt":"2020-01-28T12:50:51","guid":{"rendered":"http:\/\/www.elsindical.com.ar\/notas\/?p=92952"},"modified":"2020-01-28T09:50:51","modified_gmt":"2020-01-28T12:50:51","slug":"lanus-grindetti-se-reunio-con-concejales-para-crear-la-mesa-contra-el-hambre","status":"publish","type":"post","link":"https:\/\/www.elsindical.com.ar\/notas\/lanus-grindetti-se-reunio-con-concejales-para-crear-la-mesa-contra-el-hambre\/","title":{"rendered":"Lan\u00fas: Grindetti se reuni\u00f3 con concejales para crear la Mesa Contra el Hambre"},"content":{"rendered":"\n<figure class=\"wp-block-image size-large\"><img loading=\"lazy\" decoding=\"async\" width=\"1025\" height=\"442\" src=\"http:\/\/www.elsindical.com.ar\/notas\/var\/www\/html\/notas\/wp-content\/uploads\/2020\/01\/Grindetti-y-concejales.jpeg\" alt=\"\" class=\"wp-image-92953\" srcset=\"https:\/\/www.elsindical.com.ar\/notas\/var\/www\/html\/notas\/wp-content\/uploads\/2020\/01\/Grindetti-y-concejales.jpeg 1025w, https:\/\/www.elsindical.com.ar\/notas\/var\/www\/html\/notas\/wp-content\/uploads\/2020\/01\/Grindetti-y-concejales-300x129.jpeg 300w, https:\/\/www.elsindical.com.ar\/notas\/var\/www\/html\/notas\/wp-content\/uploads\/2020\/01\/Grindetti-y-concejales-768x331.jpeg 768w, https:\/\/www.elsindical.com.ar\/notas\/var\/www\/html\/notas\/wp-content\/uploads\/2020\/01\/Grindetti-y-concejales-500x216.jpeg 500w\" sizes=\"auto, (max-width: 1025px) 100vw, 1025px\" \/><\/figure>\n\n\n\n<p class=\"wp-block-paragraph\">El intendente <strong>N\u00e9stor Grindetti<\/strong> se reuni\u00f3n con \nconcejales del Frente de Todos y del Frente Renovador para avanzar en la\n creaci\u00f3n mancomunada en el distrito de la <strong>Mesa de la Lucha Contra el Hambre<\/strong>,\n que tendr\u00e1 como objetivo coordinar y realizar un seguimiento de la \nejecuci\u00f3n de las pol\u00edticas p\u00fablicas que fije el Gobierno Nacional en \nesta materia.<\/p>\n\n\n\n<p class=\"wp-block-paragraph\">Del encuentro, tambi\u00e9n, particip\u00f3 el jefe de Gabinete, Diego <strong>Kravetz<\/strong>,\n en el edificio municipal y en el cual cada espacio expuso de forma \ndetallada sus propuestas e iniciativas a tal fin. Adem\u00e1s, particip\u00f3 la \nsecretaria de Desarrollo Humano<strong>, Noelia Quindimil<\/strong>.<\/p>\n\n\n\n<p class=\"wp-block-paragraph\">Por parte de la oposici\u00f3n estuvieron, <strong>H\u00e9ctor Montero<\/strong> (FdT); <strong>Natalia Gradaschi<\/strong> (FdT-UC<strong>); Marcela Pallares<\/strong> (FR); y del oficialismo el presidente del Concejo Deliberante, <strong>Marcelo Rivas Miera<\/strong>; y el presidente de bloque de Juntos por el Cambio, <strong>Jorge Schiavone.<\/strong><\/p>\n\n\n\n<p class=\"wp-block-paragraph\">Tras el encuentro, los actores pol\u00edticos \u201ccoincidieron en que <strong>la lucha contra el hambre es una pol\u00edtica de Estado que debe aunar esfuerzos<\/strong> y voluntades para dar respuesta certera a las necesidades reales de los sectores m\u00e1s desfavorecidos del distrito\u201d.<\/p>\n\n\n\n<p class=\"wp-block-paragraph\">Asimismo, se sent\u00f3 las bases de futuras acciones que gir\u00f3 en torno al\n an\u00e1lisis de distintos estudios de campo realizados en materia de \nasistencia y alimentaci\u00f3n, junto al intercambio de opiniones y \nexperiencias. E<strong>l objetivo es transitar un s\u00f3lido camino de alivie la problem\u00e1tica del hambre y las necesidades b\u00e1sicas de alimentaci\u00f3n<\/strong>,\n la iniciativa alcanz\u00f3, adem\u00e1s de las fuerzas pol\u00edticas del distrito, a \norganizaciones y l\u00edderes sociales con representatividad en el \u00e1mbito \nlocal.<\/p>\n","protected":false},"excerpt":{"rendered":"<p>El intendente N\u00e9stor Grindetti se reuni\u00f3n con concejales del Frente de Todos y del Frente Renovador para avanzar en la creaci\u00f3n mancomunada en el distrito de la Mesa de la Lucha Contra el Hambre, que tendr\u00e1 como objetivo coordinar y realizar un seguimiento de la ejecuci\u00f3n de las pol\u00edticas p\u00fablicas que fije el Gobierno Nacional&hellip;<\/p>\n","protected":false},"author":1,"featured_media":92953,"comment_status":"open","ping_status":"open","sticky":false,"template":"","format":"standard","meta":{"footnotes":""},"categories":[13],"tags":[11729,2450,209,32329,5025],"class_list":["post-92952","post","type-post","status-publish","format-standard","has-post-thumbnail","hentry","category-politica","tag-concejales","tag-diario-el-sindical","tag-lanus","tag-mesa-contra-el-hambre","tag-nestor-grindetti"],"_links":{"self":[{"href":"https:\/\/www.elsindical.com.ar\/notas\/wp-json\/wp\/v2\/posts\/92952","targetHints":{"allow":["GET"]}}],"collection":[{"href":"https:\/\/www.elsindical.com.ar\/notas\/wp-json\/wp\/v2\/posts"}],"about":[{"href":"https:\/\/www.elsindical.com.ar\/notas\/wp-json\/wp\/v2\/types\/post"}],"author":[{"embeddable":true,"href":"https:\/\/www.elsindical.com.ar\/notas\/wp-json\/wp\/v2\/users\/1"}],"replies":[{"embeddable":true,"href":"https:\/\/www.elsindical.com.ar\/notas\/wp-json\/wp\/v2\/comments?post=92952"}],"version-history":[{"count":1,"href":"https:\/\/www.elsindical.com.ar\/notas\/wp-json\/wp\/v2\/posts\/92952\/revisions"}],"predecessor-version":[{"id":92954,"href":"https:\/\/www.elsindical.com.ar\/notas\/wp-json\/wp\/v2\/posts\/92952\/revisions\/92954"}],"wp:featuredmedia":[{"embeddable":true,"href":"https:\/\/www.elsindical.com.ar\/notas\/wp-json\/wp\/v2\/media\/92953"}],"wp:attachment":[{"href":"https:\/\/www.elsindical.com.ar\/notas\/wp-json\/wp\/v2\/media?parent=92952"}],"wp:term":[{"taxonomy":"category","embeddable":true,"href":"https:\/\/www.elsindical.com.ar\/notas\/wp-json\/wp\/v2\/categories?post=92952"},{"taxonomy":"post_tag","embeddable":true,"href":"https:\/\/www.elsindical.com.ar\/notas\/wp-json\/wp\/v2\/tags?post=92952"}],"curies":[{"name":"wp","href":"https:\/\/api.w.org\/{rel}","templated":true}]}}