{"id":92913,"date":"2020-01-27T11:49:45","date_gmt":"2020-01-27T14:49:45","guid":{"rendered":"http:\/\/www.elsindical.com.ar\/notas\/?p=92913"},"modified":"2020-01-27T11:49:45","modified_gmt":"2020-01-27T14:49:45","slug":"gobierno-creo-unidad-tecnica-que-elaborara-estrategia-de-negociacion-con-el-fmi","status":"publish","type":"post","link":"https:\/\/www.elsindical.com.ar\/notas\/gobierno-creo-unidad-tecnica-que-elaborara-estrategia-de-negociacion-con-el-fmi\/","title":{"rendered":"Gobierno cre\u00f3 unidad t\u00e9cnica que elaborar\u00e1 estrategia de negociaci\u00f3n con el FMI"},"content":{"rendered":"\n<figure class=\"wp-block-image size-large\"><img loading=\"lazy\" decoding=\"async\" width=\"924\" height=\"602\" src=\"http:\/\/www.elsindical.com.ar\/notas\/var\/www\/html\/notas\/wp-content\/uploads\/2018\/05\/FMI.jpg\" alt=\"\" class=\"wp-image-78159\" srcset=\"https:\/\/www.elsindical.com.ar\/notas\/var\/www\/html\/notas\/wp-content\/uploads\/2018\/05\/FMI.jpg 924w, https:\/\/www.elsindical.com.ar\/notas\/var\/www\/html\/notas\/wp-content\/uploads\/2018\/05\/FMI-300x195.jpg 300w, https:\/\/www.elsindical.com.ar\/notas\/var\/www\/html\/notas\/wp-content\/uploads\/2018\/05\/FMI-768x500.jpg 768w, https:\/\/www.elsindical.com.ar\/notas\/var\/www\/html\/notas\/wp-content\/uploads\/2018\/05\/FMI-460x300.jpg 460w\" sizes=\"auto, (max-width: 924px) 100vw, 924px\" \/><\/figure>\n\n\n\n<p> La medida se formaliz\u00f3 mediante la resoluci\u00f3n 17\/2020 de esa cartera, publicada este lunes en el Bolet\u00edn Oficial. <\/p>\n\n\n\n<p>El <strong>Ministro de Econom\u00eda oficializ\u00f3&nbsp;la puesta en marcha de la Unidad de Relaciones T\u00e9cnicas con el FMI<\/strong>,\n con el objetivo de que brinde asesoramiento \u00aben lo vinculado a las \ntareas relativas a la formulaci\u00f3n y ejecuci\u00f3n de la estrategia de \nrelaciones con\u00bb ese organismo internacional de cr\u00e9dito.<\/p>\n\n\n\n<p><strong>La medida se formaliz\u00f3 mediante la resoluci\u00f3n 17\/2020 de esa cartera, publicada este lunes en el Bolet\u00edn Oficial.<\/strong><\/p>\n\n\n\n<p>La Unidad quedar\u00e1 disuelta el 31 de diciembre de 2021, o una vez  cumplido el objetivo para el cual fue creada si se realiza con  anterioridad.<\/p>\n\n\n\n<p>A cargo de ese cuerpo estar\u00e1 el Magister en Econom\u00eda Emiliano Libman,\n quen tendr\u00e1 rango y jerarqu\u00eda de Subsecretario, de acuerdo con lo \ndispuesto.<\/p>\n\n\n\n<p>\u00abAtento las competencias asignadas al Ministerio de Econom\u00eda se \nconsidera necesaria la creaci\u00f3n, con car\u00e1cter transitorio, de la Unidad \nEjecutora Especial Temporaria <strong>\u00abUnidad de Relaciones T\u00e9cnicas con el Fondo Monetario Internacional (FMI)\u00bb<\/strong>, puntualiz\u00f3 el texto oficial.<\/p>\n\n\n\n<p>Entre otras tareas, esa Unidad elaborar\u00e1 la estrategia de relaci\u00f3n \ncon el FMI y formular\u00e1 propuestas para conducir las conversaciones con \nel organismo.<\/p>\n\n\n\n<p>Tambi\u00e9n, articular\u00e1 las relaciones de otros miembros del Gobierno \nnacional, representantes diplom\u00e1ticos y el sector privado con el Fondo, \nadem\u00e1s de asistir al ministro de Econom\u00eda, Mart\u00edn Guzm\u00e1n, y sus \nsecretarios en los temas vinculados a la relaci\u00f3n con el mismo.<\/p>\n\n\n\n<p><strong>Asimismo, podr\u00e1 intercambiar informaci\u00f3n econ\u00f3mica relevante \ncon los miembros del Fondo y, a la vez, dise\u00f1ar productos anal\u00edticos y \nconducir investigaciones sobre asuntos econ\u00f3micos y pol\u00edticos \ninternacionales en l\u00ednea con la estrategia de relaci\u00f3n con ese \norganismo.<\/strong><\/p>\n\n\n\n<p>Por \u00faltimo, el Poder Ejecutivo aclar\u00f3 que la Unidad \u00abser\u00e1 disuelta \nuna vez que se cumplimente el cometido de su objeto, no pudiendo exceder\n el plazo m\u00e1ximo que se determina en la presente resoluci\u00f3n\u00bb.<\/p>\n","protected":false},"excerpt":{"rendered":"<p>La medida se formaliz\u00f3 mediante la resoluci\u00f3n 17\/2020 de esa cartera, publicada este lunes en el Bolet\u00edn Oficial. El Ministro de Econom\u00eda oficializ\u00f3&nbsp;la puesta en marcha de la Unidad de Relaciones T\u00e9cnicas con el FMI, con el objetivo de que brinde asesoramiento \u00aben lo vinculado a las tareas relativas a la formulaci\u00f3n y ejecuci\u00f3n de&hellip;<\/p>\n","protected":false},"author":1,"featured_media":78159,"comment_status":"open","ping_status":"open","sticky":false,"template":"","format":"standard","meta":{"footnotes":""},"categories":[13],"tags":[1295,2450,6925,3006],"class_list":["post-92913","post","type-post","status-publish","format-standard","has-post-thumbnail","hentry","category-politica","tag-boletin-oficial","tag-diario-el-sindical","tag-fmi","tag-ministerio-de-economia"],"_links":{"self":[{"href":"https:\/\/www.elsindical.com.ar\/notas\/wp-json\/wp\/v2\/posts\/92913","targetHints":{"allow":["GET"]}}],"collection":[{"href":"https:\/\/www.elsindical.com.ar\/notas\/wp-json\/wp\/v2\/posts"}],"about":[{"href":"https:\/\/www.elsindical.com.ar\/notas\/wp-json\/wp\/v2\/types\/post"}],"author":[{"embeddable":true,"href":"https:\/\/www.elsindical.com.ar\/notas\/wp-json\/wp\/v2\/users\/1"}],"replies":[{"embeddable":true,"href":"https:\/\/www.elsindical.com.ar\/notas\/wp-json\/wp\/v2\/comments?post=92913"}],"version-history":[{"count":1,"href":"https:\/\/www.elsindical.com.ar\/notas\/wp-json\/wp\/v2\/posts\/92913\/revisions"}],"predecessor-version":[{"id":92914,"href":"https:\/\/www.elsindical.com.ar\/notas\/wp-json\/wp\/v2\/posts\/92913\/revisions\/92914"}],"wp:featuredmedia":[{"embeddable":true,"href":"https:\/\/www.elsindical.com.ar\/notas\/wp-json\/wp\/v2\/media\/78159"}],"wp:attachment":[{"href":"https:\/\/www.elsindical.com.ar\/notas\/wp-json\/wp\/v2\/media?parent=92913"}],"wp:term":[{"taxonomy":"category","embeddable":true,"href":"https:\/\/www.elsindical.com.ar\/notas\/wp-json\/wp\/v2\/categories?post=92913"},{"taxonomy":"post_tag","embeddable":true,"href":"https:\/\/www.elsindical.com.ar\/notas\/wp-json\/wp\/v2\/tags?post=92913"}],"curies":[{"name":"wp","href":"https:\/\/api.w.org\/{rel}","templated":true}]}}