{"id":92898,"date":"2020-01-26T13:13:41","date_gmt":"2020-01-26T16:13:41","guid":{"rendered":"http:\/\/www.elsindical.com.ar\/notas\/?p=92898"},"modified":"2020-01-26T13:13:41","modified_gmt":"2020-01-26T16:13:41","slug":"crecen-los-cortes-de-luz","status":"publish","type":"post","link":"https:\/\/www.elsindical.com.ar\/notas\/crecen-los-cortes-de-luz\/","title":{"rendered":"Crecen los cortes de luz"},"content":{"rendered":"\n<figure class=\"wp-block-image size-large\"><img loading=\"lazy\" decoding=\"async\" width=\"1000\" height=\"615\" src=\"http:\/\/www.elsindical.com.ar\/notas\/var\/www\/html\/notas\/wp-content\/uploads\/2018\/05\/cortes-de-luz.jpg\" alt=\"\" class=\"wp-image-78310\" srcset=\"https:\/\/www.elsindical.com.ar\/notas\/var\/www\/html\/notas\/wp-content\/uploads\/2018\/05\/cortes-de-luz.jpg 1000w, https:\/\/www.elsindical.com.ar\/notas\/var\/www\/html\/notas\/wp-content\/uploads\/2018\/05\/cortes-de-luz-300x185.jpg 300w, https:\/\/www.elsindical.com.ar\/notas\/var\/www\/html\/notas\/wp-content\/uploads\/2018\/05\/cortes-de-luz-768x472.jpg 768w, https:\/\/www.elsindical.com.ar\/notas\/var\/www\/html\/notas\/wp-content\/uploads\/2018\/05\/cortes-de-luz-488x300.jpg 488w\" sizes=\"auto, (max-width: 1000px) 100vw, 1000px\" \/><\/figure>\n\n\n\n<p class=\"wp-block-paragraph\"> Familias de Capital  Federal y Gran Buenos Aires se encuentran desde hace horas sin  suministro el\u00e9ctrico y hay quejas por la falta de respuestas. <\/p>\n\n\n\n<p class=\"wp-block-paragraph\">Miles de<strong> familias de la Capital Federal y varias zonas del Gran Buenos Aires<\/strong> contin\u00faan padeciendo cortes de luz por parte de empresas de Edenor&nbsp;y Edesur.<\/p>\n\n\n\n<p class=\"wp-block-paragraph\"><strong>Algunas de las zonas afectadas son<\/strong> Lan\u00fas, Parque \nAvellaneda, Villa Crespo, Caballito, Jos\u00e9 C. Paz, Paternal, Villa \nDominico, Wilde, La Boca y Balvanera, entre otras.<\/p>\n\n\n\n<p class=\"wp-block-paragraph\">Por estas horas, <strong>m\u00e1s de 7.000 familias se encuentran afectadas<\/strong> por la falta de suministro el\u00e9ctrico. Seg\u00fan informaci\u00f3n del ENRE, son<strong>5013 de Edesur\u00a0y\u00a04668 usuarios de la compa\u00f1\u00eda Edenor.<\/strong><\/p>\n\n\n\n<p class=\"wp-block-paragraph\">Algunas de las familias <strong>no tienen agua y los cortes ya superaron las 48 horas<\/strong>. La situaci\u00f3n se agrava teniendo en cuenta que el <strong>alerta\u00a0naranja<\/strong> que rige en las zonas producto de las altas temperaturas del fin de semana que superan los 35\u00b0.<\/p>\n\n\n\n<p class=\"wp-block-paragraph\">Los r<strong>eclamos no cesan<\/strong> ya que muchas personas  necesitan de forma indispensable el servicio ya sea porque son mayores  de edad o porque tienen alg\u00fan integrante de su familia con enfermedades y  necesitan conexi\u00f3n de equipos a la red el\u00e9ctrica.<\/p>\n","protected":false},"excerpt":{"rendered":"<p>Familias de Capital Federal y Gran Buenos Aires se encuentran desde hace horas sin suministro el\u00e9ctrico y hay quejas por la falta de respuestas. Miles de familias de la Capital Federal y varias zonas del Gran Buenos Aires contin\u00faan padeciendo cortes de luz por parte de empresas de Edenor&nbsp;y Edesur. Algunas de las zonas afectadas&hellip;<\/p>\n","protected":false},"author":1,"featured_media":78310,"comment_status":"open","ping_status":"open","sticky":false,"template":"","format":"standard","meta":{"footnotes":""},"categories":[25],"tags":[9877,2973,374,3764,376],"class_list":["post-92898","post","type-post","status-publish","format-standard","has-post-thumbnail","hentry","category-sociedad","tag-cortes-de-luz","tag-edenor","tag-edesur","tag-enre","tag-usuarios"],"_links":{"self":[{"href":"https:\/\/www.elsindical.com.ar\/notas\/wp-json\/wp\/v2\/posts\/92898","targetHints":{"allow":["GET"]}}],"collection":[{"href":"https:\/\/www.elsindical.com.ar\/notas\/wp-json\/wp\/v2\/posts"}],"about":[{"href":"https:\/\/www.elsindical.com.ar\/notas\/wp-json\/wp\/v2\/types\/post"}],"author":[{"embeddable":true,"href":"https:\/\/www.elsindical.com.ar\/notas\/wp-json\/wp\/v2\/users\/1"}],"replies":[{"embeddable":true,"href":"https:\/\/www.elsindical.com.ar\/notas\/wp-json\/wp\/v2\/comments?post=92898"}],"version-history":[{"count":1,"href":"https:\/\/www.elsindical.com.ar\/notas\/wp-json\/wp\/v2\/posts\/92898\/revisions"}],"predecessor-version":[{"id":92899,"href":"https:\/\/www.elsindical.com.ar\/notas\/wp-json\/wp\/v2\/posts\/92898\/revisions\/92899"}],"wp:featuredmedia":[{"embeddable":true,"href":"https:\/\/www.elsindical.com.ar\/notas\/wp-json\/wp\/v2\/media\/78310"}],"wp:attachment":[{"href":"https:\/\/www.elsindical.com.ar\/notas\/wp-json\/wp\/v2\/media?parent=92898"}],"wp:term":[{"taxonomy":"category","embeddable":true,"href":"https:\/\/www.elsindical.com.ar\/notas\/wp-json\/wp\/v2\/categories?post=92898"},{"taxonomy":"post_tag","embeddable":true,"href":"https:\/\/www.elsindical.com.ar\/notas\/wp-json\/wp\/v2\/tags?post=92898"}],"curies":[{"name":"wp","href":"https:\/\/api.w.org\/{rel}","templated":true}]}}