{"id":92870,"date":"2020-01-25T13:25:56","date_gmt":"2020-01-25T16:25:56","guid":{"rendered":"http:\/\/www.elsindical.com.ar\/notas\/?p=92870"},"modified":"2020-01-25T13:25:56","modified_gmt":"2020-01-25T16:25:56","slug":"avellaneda-un-futbolista-de-lanus-fue-secuestrado-y-luego-liberado-mediante-el-pago-de-un-rescate","status":"publish","type":"post","link":"https:\/\/www.elsindical.com.ar\/notas\/avellaneda-un-futbolista-de-lanus-fue-secuestrado-y-luego-liberado-mediante-el-pago-de-un-rescate\/","title":{"rendered":"Avellaneda: Un futbolista de Lan\u00fas fue secuestrado y luego liberado mediante el pago de un rescate"},"content":{"rendered":"\n<figure class=\"wp-block-image size-large\"><img loading=\"lazy\" decoding=\"async\" width=\"647\" height=\"369\" src=\"http:\/\/www.elsindical.com.ar\/notas\/var\/www\/html\/notas\/wp-content\/uploads\/2020\/01\/Lautaro-Valenti.jpg\" alt=\"\" class=\"wp-image-92871\" srcset=\"https:\/\/www.elsindical.com.ar\/notas\/var\/www\/html\/notas\/wp-content\/uploads\/2020\/01\/Lautaro-Valenti.jpg 647w, https:\/\/www.elsindical.com.ar\/notas\/var\/www\/html\/notas\/wp-content\/uploads\/2020\/01\/Lautaro-Valenti-300x171.jpg 300w, https:\/\/www.elsindical.com.ar\/notas\/var\/www\/html\/notas\/wp-content\/uploads\/2020\/01\/Lautaro-Valenti-500x285.jpg 500w, https:\/\/www.elsindical.com.ar\/notas\/var\/www\/html\/notas\/wp-content\/uploads\/2020\/01\/Lautaro-Valenti-220x126.jpg 220w\" sizes=\"auto, (max-width: 647px) 100vw, 647px\" \/><\/figure>\n\n\n\n<p class=\"wp-block-paragraph\"> Lautaro Valenti, defensor del conjunto que  dirige Luis Zubeld\u00eda, fue privado de su libertad en la madrugada del  s\u00e1bado, tras haber jugado con su equipo en Mar del Plata.<\/p>\n\n\n\n<p class=\"wp-block-paragraph\"> Despu\u00e9s de haber sido titular en la derrota de Lan\u00fas ante Aldosivi en su visita a Mar del Plata, <strong>Lautaro\n Valenti fue v\u00edctima de un hecho de inseguridad: el joven de 21 a\u00f1os fue\n secuestrado junto a un amigo por delincuentes este s\u00e1bado por la \nmadrugada. Tras el pago de un rescate, el marcador central fue liberado.<\/strong><\/p>\n\n\n\n<p class=\"wp-block-paragraph\"> Una vez que el plantel regres\u00f3 de la ciudad balnearia, <strong>el\n jugador se dirigi\u00f3 con su novia y un par de amigos a un restaurante en \nla localidad de Avellaneda. All\u00ed se produjo el hecho que termin\u00f3 con el \nsecuestro de Valenti y su compa\u00f1ero, que habr\u00edan sido capturados pasadas\n las 2.30 de la ma\u00f1ana, aproximadamente. Una hora m\u00e1s tarde fueron \nliberados sin lesiones<\/strong>. <\/p>\n\n\n\n<p class=\"wp-block-paragraph\"> Seg\u00fan el informe policial de la Jefatura Departamental de Seguridad de Lan\u00fas, el representante del futbolista, <strong>Adri\u00e1n Ruocco<\/strong> -el mismo de Carlos Tevez-, <strong>pacto con los delincuentes el pago del rescate para liberar al jugador y su amigo<\/strong>. Si bien en primera instancia, <strong>los  secuestradores le solicitaron la suma de 70.000 d\u00f3lares, finalmente la  entrega de los dos implicados se realiz\u00f3 tras haberle abonado a los  extorcionadores unos 5.000 de la moneda norteamericana y 3.000 pesos<\/strong>.<\/p>\n\n\n\n<p class=\"wp-block-paragraph\"> La liberaci\u00f3n de Valenti se llev\u00f3 a cabo en las cercan\u00edas del Parque  Dom\u00ednico. Luego de la entrega,  los delincuentes se fugaron en un veh\u00edculo, indica el reporte de la  polic\u00eda.  <\/p>\n\n\n\n<p class=\"wp-block-paragraph\">La\n denuncia por el secuestro del jugador que hizo las divisiones \ninferiores en Lan\u00fas y que debut\u00f3 en la m\u00e1xima categor\u00eda gracias a \nZubeld\u00eda, fue radicada en la Comisar\u00eda n\u00famero 1 de Avellaneda.<\/p>\n\n\n\n<p class=\"wp-block-paragraph\">  El defensor jug\u00f3 los 90 minutos para el Granate, que con la ca\u00edda ante  el conjunto marplatense perdi\u00f3 la chance de subirse a la cima de la  tabla de posiciones de la Superliga.<\/p>\n\n\n\n<p class=\"wp-block-paragraph\"> Nacido en Rosario, <strong>Valenti hizo su estreno en la Primera Divisi\u00f3n en mayo de 2019 contra V\u00e9lez <\/strong>en\n el estadio Jos\u00e9 Amalfitani. En aquella ocasi\u00f3n, el Fort\u00edn de Liniers \nvenci\u00f3 3-0 a Lan\u00fas y el juvenil proveniente de la cantera jug\u00f3 todo el \npartido. Antes de debutar, el defensor hab\u00eda sido convocado en otros \ntres encuentros de la pasada edici\u00f3n de la Superliga -fue al banco \nfrente a Atl\u00e9tico Tucum\u00e1n, Banfield y Godoy Cruz-.<\/p>\n\n\n\n<p class=\"wp-block-paragraph\"> Es importante destacar que el nombre de <strong>Valenti\n fue protagonista de una dura puja entre su club y la AFA por la no \ncesi\u00f3n del futbolista para ser parte de la lista de convocados que arm\u00f3 \nel entrenador Fernando Batista de cara a la participaci\u00f3n de la \nSelecci\u00f3n Sub 23<\/strong> en el preol\u00edmpico sudamericano de Colombia, que otorgar\u00e1 dos plazas para los pr\u00f3ximos Juegos Ol\u00edmpicos de Tokio 2020.<\/p>\n\n\n\n<p class=\"wp-block-paragraph\"> <strong>Debido a la baja de dos defensores, la dirigencia granate decidi\u00f3 no ceder a una de las joyas de su cantera<\/strong>.  Batista hab\u00eda entregado una n\u00f3mina de 22 integrantes en diciembre  pasado, pero que luego tuvo que modificar ante la negativa de varios  clubes. <strong>A la baja de Valenti,<\/strong> se sum\u00f3 la de Leonel Mosevich,  jugador que milita en el Desportivo Nacional de Portugal, y a la de  Lucas Robertone, de V\u00e9lez, que sufri\u00f3 una lesi\u00f3n muscular y tuvo que ser  desvinculado del seleccionado juvenil.<\/p>\n\n\n\n<p class=\"wp-block-paragraph\">Fuente: Infobae<\/p>\n\n\n\n<p class=\"wp-block-paragraph\"><\/p>\n","protected":false},"excerpt":{"rendered":"<p>Lautaro Valenti, defensor del conjunto que dirige Luis Zubeld\u00eda, fue privado de su libertad en la madrugada del s\u00e1bado, tras haber jugado con su equipo en Mar del Plata. Despu\u00e9s de haber sido titular en la derrota de Lan\u00fas ante Aldosivi en su visita a Mar del Plata, Lautaro Valenti fue v\u00edctima de un hecho&hellip;<\/p>\n","protected":false},"author":1,"featured_media":92871,"comment_status":"open","ping_status":"open","sticky":false,"template":"","format":"standard","meta":{"footnotes":""},"categories":[22],"tags":[461,2079,209,32302,503],"class_list":["post-92870","post","type-post","status-publish","format-standard","has-post-thumbnail","hentry","category-policiales","tag-avellaneda","tag-jugador","tag-lanus","tag-lautaro-valenti","tag-secuestro"],"_links":{"self":[{"href":"https:\/\/www.elsindical.com.ar\/notas\/wp-json\/wp\/v2\/posts\/92870","targetHints":{"allow":["GET"]}}],"collection":[{"href":"https:\/\/www.elsindical.com.ar\/notas\/wp-json\/wp\/v2\/posts"}],"about":[{"href":"https:\/\/www.elsindical.com.ar\/notas\/wp-json\/wp\/v2\/types\/post"}],"author":[{"embeddable":true,"href":"https:\/\/www.elsindical.com.ar\/notas\/wp-json\/wp\/v2\/users\/1"}],"replies":[{"embeddable":true,"href":"https:\/\/www.elsindical.com.ar\/notas\/wp-json\/wp\/v2\/comments?post=92870"}],"version-history":[{"count":1,"href":"https:\/\/www.elsindical.com.ar\/notas\/wp-json\/wp\/v2\/posts\/92870\/revisions"}],"predecessor-version":[{"id":92872,"href":"https:\/\/www.elsindical.com.ar\/notas\/wp-json\/wp\/v2\/posts\/92870\/revisions\/92872"}],"wp:featuredmedia":[{"embeddable":true,"href":"https:\/\/www.elsindical.com.ar\/notas\/wp-json\/wp\/v2\/media\/92871"}],"wp:attachment":[{"href":"https:\/\/www.elsindical.com.ar\/notas\/wp-json\/wp\/v2\/media?parent=92870"}],"wp:term":[{"taxonomy":"category","embeddable":true,"href":"https:\/\/www.elsindical.com.ar\/notas\/wp-json\/wp\/v2\/categories?post=92870"},{"taxonomy":"post_tag","embeddable":true,"href":"https:\/\/www.elsindical.com.ar\/notas\/wp-json\/wp\/v2\/tags?post=92870"}],"curies":[{"name":"wp","href":"https:\/\/api.w.org\/{rel}","templated":true}]}}