{"id":92833,"date":"2020-01-24T08:10:06","date_gmt":"2020-01-24T11:10:06","guid":{"rendered":"http:\/\/www.elsindical.com.ar\/notas\/?p=92833"},"modified":"2020-01-24T08:10:06","modified_gmt":"2020-01-24T11:10:06","slug":"avellaneda-reclamaran-mas-seguridad-frente-a-la-secretaria-municipal","status":"publish","type":"post","link":"https:\/\/www.elsindical.com.ar\/notas\/avellaneda-reclamaran-mas-seguridad-frente-a-la-secretaria-municipal\/","title":{"rendered":"Avellaneda, reclamar\u00e1n m\u00e1s seguridad frente a la secretar\u00eda municipal"},"content":{"rendered":"\n<figure class=\"wp-block-image size-large\"><img loading=\"lazy\" decoding=\"async\" width=\"720\" height=\"482\" src=\"http:\/\/www.elsindical.com.ar\/notas\/var\/www\/html\/notas\/wp-content\/uploads\/2020\/01\/pedido-de-seguridad-2020.jpg\" alt=\"\" class=\"wp-image-92834\" srcset=\"https:\/\/www.elsindical.com.ar\/notas\/var\/www\/html\/notas\/wp-content\/uploads\/2020\/01\/pedido-de-seguridad-2020.jpg 720w, https:\/\/www.elsindical.com.ar\/notas\/var\/www\/html\/notas\/wp-content\/uploads\/2020\/01\/pedido-de-seguridad-2020-300x201.jpg 300w, https:\/\/www.elsindical.com.ar\/notas\/var\/www\/html\/notas\/wp-content\/uploads\/2020\/01\/pedido-de-seguridad-2020-448x300.jpg 448w\" sizes=\"auto, (max-width: 720px) 100vw, 720px\" \/><\/figure>\n\n\n\n<p>   Esta tarde, como tantas otras veces, se anuncia una convocatoria de vecinos para reclamar m\u00e1s seguridad en Avellaneda, a pesar de que los delitos no llegan a la gravedad que hoy se vive en otros partidos, existe un creciente aumento de delitos que en su mayor\u00eda involucra a menores de edad lo que hace que el trabajo policial resulte inocuo.<\/p>\n\n\n\n<p>En el \u00faltimo mes, la mayor\u00eda de los delitos de robo y hurtos se han cometido por menores de edad, muchos de ellos residentes en la conocida Villa Tranquila, un lugar que se vienen disputando pol\u00edticamente hace a\u00f1os los dos partidos grandes y que fue un punto de reuni\u00f3n importante de CAMBIEMOS, alianza que ahora fogonea los reclamos de seguridad, pero sin dar a conocer una propuesta seria al respecto.<\/p>\n\n\n\n<p>Sin dudas que es necesario mejorar la seguridad y que existen barrios en Avellaneda donde se deber\u00eda mejorar el trabajo policial, por ejemplo en la venta de drogas que es una puerta abierta a otros delitos por los que merodean, hace a\u00f1os que no hay anuncios de procedimientos policiales de las ex DDI o divisiones de drogas, algo llamativo teniendo en cuenta que crece el consumo y la venta de drogas.<\/p>\n\n\n\n<p>Tambi\u00e9n es necesario que la Procuraci\u00f3n General de la Provincia de Buenos Aires se haga cargo del deficiente trabajo de los fiscales que abusan de la excarcelaci\u00f3n inmediata en reincidentes por delitos o en menores aduciendo que por ser menores no se puede hacer nada, algo que no es verdad.<\/p>\n\n\n\n<p>Falta en Avellaneda un trabajo genuino de lo que es la Secretaria de Ni\u00f1ez, Adolescencia y Familia, organismo que podr\u00eda aportar y mucho a mejorar la vida de ni\u00f1os y adolescentes pero que solo se ocupan del trabajo pol\u00edtico militante relegando la defensa de los derechos b\u00e1sicos a la suerte.<\/p>\n\n\n\n<p><\/p>\n","protected":false},"excerpt":{"rendered":"<p>Esta tarde, como tantas otras veces, se anuncia una convocatoria de vecinos para reclamar m\u00e1s seguridad en Avellaneda, a pesar de que los delitos no llegan a la gravedad que hoy se vive en otros partidos, existe un creciente aumento de delitos que en su mayor\u00eda involucra a menores de edad lo que hace que&hellip;<\/p>\n","protected":false},"author":1,"featured_media":92834,"comment_status":"open","ping_status":"open","sticky":false,"template":"","format":"standard","meta":{"footnotes":""},"categories":[25],"tags":[461,984,11590,613],"class_list":["post-92833","post","type-post","status-publish","format-standard","has-post-thumbnail","hentry","category-sociedad","tag-avellaneda","tag-inseguridad","tag-secretaria-de-seguridad","tag-seguridad"],"_links":{"self":[{"href":"https:\/\/www.elsindical.com.ar\/notas\/wp-json\/wp\/v2\/posts\/92833","targetHints":{"allow":["GET"]}}],"collection":[{"href":"https:\/\/www.elsindical.com.ar\/notas\/wp-json\/wp\/v2\/posts"}],"about":[{"href":"https:\/\/www.elsindical.com.ar\/notas\/wp-json\/wp\/v2\/types\/post"}],"author":[{"embeddable":true,"href":"https:\/\/www.elsindical.com.ar\/notas\/wp-json\/wp\/v2\/users\/1"}],"replies":[{"embeddable":true,"href":"https:\/\/www.elsindical.com.ar\/notas\/wp-json\/wp\/v2\/comments?post=92833"}],"version-history":[{"count":1,"href":"https:\/\/www.elsindical.com.ar\/notas\/wp-json\/wp\/v2\/posts\/92833\/revisions"}],"predecessor-version":[{"id":92835,"href":"https:\/\/www.elsindical.com.ar\/notas\/wp-json\/wp\/v2\/posts\/92833\/revisions\/92835"}],"wp:featuredmedia":[{"embeddable":true,"href":"https:\/\/www.elsindical.com.ar\/notas\/wp-json\/wp\/v2\/media\/92834"}],"wp:attachment":[{"href":"https:\/\/www.elsindical.com.ar\/notas\/wp-json\/wp\/v2\/media?parent=92833"}],"wp:term":[{"taxonomy":"category","embeddable":true,"href":"https:\/\/www.elsindical.com.ar\/notas\/wp-json\/wp\/v2\/categories?post=92833"},{"taxonomy":"post_tag","embeddable":true,"href":"https:\/\/www.elsindical.com.ar\/notas\/wp-json\/wp\/v2\/tags?post=92833"}],"curies":[{"name":"wp","href":"https:\/\/api.w.org\/{rel}","templated":true}]}}