{"id":92815,"date":"2020-01-23T13:20:16","date_gmt":"2020-01-23T16:20:16","guid":{"rendered":"http:\/\/www.elsindical.com.ar\/notas\/?p=92815"},"modified":"2020-01-23T13:20:16","modified_gmt":"2020-01-23T16:20:16","slug":"quilmes-convocan-a-una-masiva-marcha-por-la-inseguridad","status":"publish","type":"post","link":"https:\/\/www.elsindical.com.ar\/notas\/quilmes-convocan-a-una-masiva-marcha-por-la-inseguridad\/","title":{"rendered":"Quilmes: Convocan a una masiva marcha por la inseguridad"},"content":{"rendered":"\n<figure class=\"wp-block-image size-large\"><img loading=\"lazy\" decoding=\"async\" width=\"800\" height=\"800\" src=\"http:\/\/www.elsindical.com.ar\/notas\/var\/www\/html\/notas\/wp-content\/uploads\/2020\/01\/seguridad-reclamo-Quilmes.jpg\" alt=\"\" class=\"wp-image-92817\" srcset=\"https:\/\/www.elsindical.com.ar\/notas\/var\/www\/html\/notas\/wp-content\/uploads\/2020\/01\/seguridad-reclamo-Quilmes.jpg 800w, https:\/\/www.elsindical.com.ar\/notas\/var\/www\/html\/notas\/wp-content\/uploads\/2020\/01\/seguridad-reclamo-Quilmes-300x300.jpg 300w, https:\/\/www.elsindical.com.ar\/notas\/var\/www\/html\/notas\/wp-content\/uploads\/2020\/01\/seguridad-reclamo-Quilmes-150x150.jpg 150w, https:\/\/www.elsindical.com.ar\/notas\/var\/www\/html\/notas\/wp-content\/uploads\/2020\/01\/seguridad-reclamo-Quilmes-768x768.jpg 768w, https:\/\/www.elsindical.com.ar\/notas\/var\/www\/html\/notas\/wp-content\/uploads\/2020\/01\/seguridad-reclamo-Quilmes-50x50.jpg 50w\" sizes=\"auto, (max-width: 800px) 100vw, 800px\" \/><\/figure>\n\n\n\n<p class=\"wp-block-paragraph\"> Ante la creciente ola de robos en  diferentes modalidades a lo largo y ancho del distrito de Quilmes, los  vecinos comenzaron a organizarse a trav\u00e9s de redes sociales y convocaron  a masivas marchas reclamando por mayor seguridad. Habr\u00e1 diferentes  puntos de encuentros desde los que se movilizar\u00e1n hacia las nueves  comisar\u00edas de la ciudad. <\/p>\n\n\n\n<p class=\"wp-block-paragraph\"> La convocatoria es para el s\u00e1bado 1\u00ba de febrero a las 18 y piden que  vayan s\u00f3lo con banderas argentinas, sin colores pol\u00edticos y con sobre  todo \u201ccon respeto\u201d. \u201cEstamos cansados de leer como la delincuencia gana  d\u00eda tras d\u00eda nuestras calles. Queremos exigir a las autoridades  correspondientes m\u00e1s patrullajes y presencia policial en los barrios de  nuestra ciudad\u201d, indicaron. <\/p>\n","protected":false},"excerpt":{"rendered":"<p>Ante la creciente ola de robos en diferentes modalidades a lo largo y ancho del distrito de Quilmes, los vecinos comenzaron a organizarse a trav\u00e9s de redes sociales y convocaron a masivas marchas reclamando por mayor seguridad. Habr\u00e1 diferentes puntos de encuentros desde los que se movilizar\u00e1n hacia las nueves comisar\u00edas de la ciudad. La&hellip;<\/p>\n","protected":false},"author":1,"featured_media":92817,"comment_status":"open","ping_status":"open","sticky":false,"template":"","format":"standard","meta":{"footnotes":""},"categories":[25],"tags":[30281,31234,684],"class_list":["post-92815","post","type-post","status-publish","format-standard","has-post-thumbnail","hentry","category-sociedad","tag-marcha-inseguridad","tag-mayra-mendoza","tag-quilmes"],"_links":{"self":[{"href":"https:\/\/www.elsindical.com.ar\/notas\/wp-json\/wp\/v2\/posts\/92815","targetHints":{"allow":["GET"]}}],"collection":[{"href":"https:\/\/www.elsindical.com.ar\/notas\/wp-json\/wp\/v2\/posts"}],"about":[{"href":"https:\/\/www.elsindical.com.ar\/notas\/wp-json\/wp\/v2\/types\/post"}],"author":[{"embeddable":true,"href":"https:\/\/www.elsindical.com.ar\/notas\/wp-json\/wp\/v2\/users\/1"}],"replies":[{"embeddable":true,"href":"https:\/\/www.elsindical.com.ar\/notas\/wp-json\/wp\/v2\/comments?post=92815"}],"version-history":[{"count":1,"href":"https:\/\/www.elsindical.com.ar\/notas\/wp-json\/wp\/v2\/posts\/92815\/revisions"}],"predecessor-version":[{"id":92818,"href":"https:\/\/www.elsindical.com.ar\/notas\/wp-json\/wp\/v2\/posts\/92815\/revisions\/92818"}],"wp:featuredmedia":[{"embeddable":true,"href":"https:\/\/www.elsindical.com.ar\/notas\/wp-json\/wp\/v2\/media\/92817"}],"wp:attachment":[{"href":"https:\/\/www.elsindical.com.ar\/notas\/wp-json\/wp\/v2\/media?parent=92815"}],"wp:term":[{"taxonomy":"category","embeddable":true,"href":"https:\/\/www.elsindical.com.ar\/notas\/wp-json\/wp\/v2\/categories?post=92815"},{"taxonomy":"post_tag","embeddable":true,"href":"https:\/\/www.elsindical.com.ar\/notas\/wp-json\/wp\/v2\/tags?post=92815"}],"curies":[{"name":"wp","href":"https:\/\/api.w.org\/{rel}","templated":true}]}}