{"id":92776,"date":"2020-01-22T13:07:05","date_gmt":"2020-01-22T16:07:05","guid":{"rendered":"http:\/\/www.elsindical.com.ar\/notas\/?p=92776"},"modified":"2020-01-22T13:46:09","modified_gmt":"2020-01-22T16:46:09","slug":"diego-javier-pazos-el-bocon-ataca-de-nuevo","status":"publish","type":"post","link":"https:\/\/www.elsindical.com.ar\/notas\/diego-javier-pazos-el-bocon-ataca-de-nuevo\/","title":{"rendered":"Diego Javier Pazos, el boc\u00f3n ataca de nuevo"},"content":{"rendered":"\n<figure class=\"wp-block-image size-large\"><img loading=\"lazy\" decoding=\"async\" width=\"719\" height=\"725\" src=\"http:\/\/www.elsindical.com.ar\/notas\/var\/www\/html\/notas\/wp-content\/uploads\/2020\/01\/Diego-Javier.jpg\" alt=\"\" class=\"wp-image-92777\" srcset=\"https:\/\/www.elsindical.com.ar\/notas\/var\/www\/html\/notas\/wp-content\/uploads\/2020\/01\/Diego-Javier.jpg 719w, https:\/\/www.elsindical.com.ar\/notas\/var\/www\/html\/notas\/wp-content\/uploads\/2020\/01\/Diego-Javier-298x300.jpg 298w, https:\/\/www.elsindical.com.ar\/notas\/var\/www\/html\/notas\/wp-content\/uploads\/2020\/01\/Diego-Javier-150x150.jpg 150w, https:\/\/www.elsindical.com.ar\/notas\/var\/www\/html\/notas\/wp-content\/uploads\/2020\/01\/Diego-Javier-50x50.jpg 50w\" sizes=\"auto, (max-width: 719px) 100vw, 719px\" \/><\/figure>\n\n\n\n<p class=\"wp-block-paragraph\">   Hay personas y personajes, uno de esos personajes es sin dudas Diego Javier Pazos, CUIT: 20-30976777-3, due\u00f1o de un taller ubicado en la calle Heredia 1634 quien declara no ser empleador y no posee a la fecha impuestos activos, es decir, un evasor y un negrero.<\/p>\n\n\n\n<p class=\"wp-block-paragraph\">Ya que posee en el taller por lo menos un empleado, seg\u00fan el mismo declaraba en noviembre del 2018.<\/p>\n\n\n\n<p class=\"wp-block-paragraph\">El problema personal de este personaje conmigo, radica en un lindo puter\u00edo que algunos efectivos policiales de dudosa honestidad generaron al ir a controlar su taller, verificar que el mismo no pose\u00eda habilitaci\u00f3n municipal, que sobre la vereda se encontraba un Audi R8 sin dominio colocado, es decir sin patentes, pero m\u00e1s a\u00fan sin documentaci\u00f3n, curiosamente y contra lo que indica la Ley, solo se labr\u00f3 un acta, pero no se secuestro el veh\u00edculo ni se clausur\u00f3 el lugar, aduciendo que se necesitaba personal municipal, algo que no es real, ya que la polic\u00eda suele realizar clausuras preventivas en casos de evidente infracci\u00f3n a las leyes y ordenanzas.<\/p>\n\n\n\n<p class=\"wp-block-paragraph\">Pero la negligencia policial no termin\u00f3 all\u00ed, le dijeron a este muchacho, que yo lo hab\u00eda denunciado, lo cual era una verdad a medias, ya que los problemas de \u00e9l con los vecinos, datan de varios a\u00f1os y yo solo transmit\u00ed la preocupaci\u00f3n de los que por temor no quer\u00edan se\u00f1alar el lugar, ya que el marido de una vecina que tuvo problemas con Pazos, result\u00f3 golpeado una noche cuando regresaba de trabajar.<\/p>\n\n\n\n<p class=\"wp-block-paragraph\">Ser la voz de los vecinos, me trajo incluso discusiones con ellos, ya que les ped\u00ed que hablaran y confiaran, sino no ten\u00eda sentido las reuniones en la comisar\u00eda, la realidad les dar\u00eda la raz\u00f3n a ellos en cuanto a lo dif\u00edcil que es confiar en la polic\u00eda.<\/p>\n\n\n\n<p class=\"wp-block-paragraph\">En resumen este personaje me escribi\u00f3 por WhatsApp, pidi\u00e9ndome hablar y cuando le pregunt\u00e9 qui\u00e9n era, me dijo el del taller que denunciaste, le dije que pod\u00eda pasar por el taller si quer\u00eda hablar y a modo de canchereada me dice ya me dieron todo de vos, yo voy a tu casa. Vino y se present\u00f3 con la peor frase \u00abte vengo a hablar bien porque es la primera vez, fijate porque si quiero te puedo hacer una MALDAD\u00bb, semejante brabuconada sigui\u00f3 con una lista de polic\u00edas que lo bancan y visitan en el taller, especialmente de drogas y que tenga cuidado lo que hablo porque pod\u00eda terminar mal.<\/p>\n\n\n\n<p class=\"wp-block-paragraph\">Sos un pobre tipo que en su imaginario llegaste a decirme que los vecinos te denuncian por envidia, porque ven las Ferrari, Porsche, Audi, Hummer y eso les molesta, no supiste que decir cu\u00e1ndo te pregunt\u00e9 si alguno era tuyo, porque es curioso sino que te envidien lo que no ten\u00e9s, en todo caso les molesta un auto que les impida el paso sea un Renault 12 o una Ferrari, deber\u00edas pensar que tal vez el equivocado sos vos y no el resto del mundo, deber\u00edas aprender de muchos otros talleres que no molestan a los vecinos, si ten\u00e9s esa clase de clientes deber\u00edas buscar un lugar m\u00e1s amplio, adem\u00e1s aunque te enojes a nadie le cierra que no puedas reparar bien un auto b\u00e1sico, seas el mec\u00e1nico de los de alta gama que buscan por tu taller, que ni siquiera est\u00e1 bien equipado.<\/p>\n\n\n\n<p class=\"wp-block-paragraph\">Como cualquier persona de bien y que no tiene nada que esconder, denunci\u00e9 los hechos tanto en la justicia como en Asuntos Internos, en la justicia como es habitual las amenazas no prosperan y se archivan para ver qu\u00e9 pasa, as\u00ed la UFI 3 no investig\u00f3 ni trabaj\u00f3 como corresponde, la investigaci\u00f3n de Asuntos Internos sigui\u00f3 y cuando cre\u00eda que todo hab\u00eda pasado y que solo quedaban las comentarios de este personaje sobre mi persona a modo de chusmer\u00edo me vuelven a citar por el expediente de Asuntos Internos, sobre una denuncia vinculada a un llamado \u00aban\u00f3nimo\u00bb donde dec\u00edan que estaba asaltando la peluquer\u00eda de la que soy cliente hace 7 a\u00f1os aproximadamente, como nunca pasa ante un robo real, la polic\u00eda lleg\u00f3 en minutos, dos patrulleros a los que se sumaron m\u00e1s polic\u00edas y la brigada, mientras desde el taller, \u00fanico negocio en la cuadra y a metros del local, gritaban y festejaban, un chiste tonto porque no todos los polic\u00edas est\u00e1n capacitados para evaluar situaciones y muchos creen que las cosas se solucionan a los tiros, el hecho motivo dos nuevas denuncias penales y administrativas.<\/p>\n\n\n\n<p class=\"wp-block-paragraph\">Dicen en el medio, que a pesar de que el local no re\u00fane las condiciones para habilitarlo, a pesar de que sigue molestando a los vecinos con los autos sobre la vereda, la ochava o en doble fila que consigui\u00f3 una habilitaci\u00f3n provisoria, que de ninguna manera avala lo que \u00e9l sigue haciendo, ha tenido discusiones por gritarle groser\u00edas a menores de edad del barrio y su vida gira en torno a las malas compa\u00f1\u00edas, la noche y los excesos.<\/p>\n\n\n\n<p class=\"wp-block-paragraph\">Cuando luego ocurren hechos de violencia, todos opinan y se asombran, pero en el caso de este personaje Diego Javier Pazos, las autoridades parecen darle impunidad y el aval de que se puede llevar a cualquier por delante.<\/p>\n\n\n\n<p class=\"wp-block-paragraph\">Hoy adem\u00e1s de insultarme desde arriba de un auto, se fue amenaz\u00e1ndome con que \u00e9l y los polic\u00edas me iban a dar una paliza, sinceramente personajes como vos deber\u00edan sentir verg\u00fcenza porque si no existiera la corrupci\u00f3n no andar\u00edas por la vida violando leyes, evite antes dedicarte unas l\u00edneas porque cre\u00ed que haciendo las cosas bien, por lo menos te pod\u00edas encausar, pero por si crees que te tengo miedo a vos o a los corruptos polic\u00edas o al chofer de un empresario importante porque es amigo tuyo, la verdad que no. Pero son m\u00e1s responsables los funcionarios que no cumplen con su trabajo que vos, que de \u00faltima sos un oportunista.<\/p>\n\n\n\n<p class=\"wp-block-paragraph\">Por Marcelo Ricardo Hawrylciw<\/p>\n","protected":false},"excerpt":{"rendered":"<p>Hay personas y personajes, uno de esos personajes es sin dudas Diego Javier Pazos, CUIT: 20-30976777-3, due\u00f1o de un taller ubicado en la calle Heredia 1634 quien declara no ser empleador y no posee a la fecha impuestos activos, es decir, un evasor y un negrero. Ya que posee en el taller por lo menos&hellip;<\/p>\n","protected":false},"author":1,"featured_media":92777,"comment_status":"open","ping_status":"open","sticky":false,"template":"","format":"standard","meta":{"footnotes":""},"categories":[6],"tags":[461,2450,32286,1662,7739,1448,1718,30],"class_list":["post-92776","post","type-post","status-publish","format-standard","has-post-thumbnail","hentry","category-denuncias","tag-avellaneda","tag-diario-el-sindical","tag-diego-javier-pazos","tag-gerli","tag-habilitaciones","tag-marcelo-ricardo-hawrylciw","tag-municipio","tag-policia"],"_links":{"self":[{"href":"https:\/\/www.elsindical.com.ar\/notas\/wp-json\/wp\/v2\/posts\/92776","targetHints":{"allow":["GET"]}}],"collection":[{"href":"https:\/\/www.elsindical.com.ar\/notas\/wp-json\/wp\/v2\/posts"}],"about":[{"href":"https:\/\/www.elsindical.com.ar\/notas\/wp-json\/wp\/v2\/types\/post"}],"author":[{"embeddable":true,"href":"https:\/\/www.elsindical.com.ar\/notas\/wp-json\/wp\/v2\/users\/1"}],"replies":[{"embeddable":true,"href":"https:\/\/www.elsindical.com.ar\/notas\/wp-json\/wp\/v2\/comments?post=92776"}],"version-history":[{"count":2,"href":"https:\/\/www.elsindical.com.ar\/notas\/wp-json\/wp\/v2\/posts\/92776\/revisions"}],"predecessor-version":[{"id":92779,"href":"https:\/\/www.elsindical.com.ar\/notas\/wp-json\/wp\/v2\/posts\/92776\/revisions\/92779"}],"wp:featuredmedia":[{"embeddable":true,"href":"https:\/\/www.elsindical.com.ar\/notas\/wp-json\/wp\/v2\/media\/92777"}],"wp:attachment":[{"href":"https:\/\/www.elsindical.com.ar\/notas\/wp-json\/wp\/v2\/media?parent=92776"}],"wp:term":[{"taxonomy":"category","embeddable":true,"href":"https:\/\/www.elsindical.com.ar\/notas\/wp-json\/wp\/v2\/categories?post=92776"},{"taxonomy":"post_tag","embeddable":true,"href":"https:\/\/www.elsindical.com.ar\/notas\/wp-json\/wp\/v2\/tags?post=92776"}],"curies":[{"name":"wp","href":"https:\/\/api.w.org\/{rel}","templated":true}]}}