{"id":92705,"date":"2020-01-19T12:25:04","date_gmt":"2020-01-19T15:25:04","guid":{"rendered":"http:\/\/www.elsindical.com.ar\/notas\/?p=92705"},"modified":"2020-01-19T12:25:04","modified_gmt":"2020-01-19T15:25:04","slug":"comunicado-de-uar-por-asesinato-de-fernando-en-villa-gesell-estamos-consternados","status":"publish","type":"post","link":"https:\/\/www.elsindical.com.ar\/notas\/comunicado-de-uar-por-asesinato-de-fernando-en-villa-gesell-estamos-consternados\/","title":{"rendered":"Comunicado de UAR por asesinato de Fernando en Villa Gesell: \u00abEstamos consternados\u00bb"},"content":{"rendered":"\n<figure class=\"wp-block-image size-large\"><img loading=\"lazy\" decoding=\"async\" width=\"1024\" height=\"607\" src=\"http:\/\/www.elsindical.com.ar\/notas\/var\/www\/html\/notas\/wp-content\/uploads\/2020\/01\/comunicado-asesinato-en-Gesell-1024x607.jpg\" alt=\"\" class=\"wp-image-92706\" srcset=\"https:\/\/www.elsindical.com.ar\/notas\/var\/www\/html\/notas\/wp-content\/uploads\/2020\/01\/comunicado-asesinato-en-Gesell-1024x607.jpg 1024w, https:\/\/www.elsindical.com.ar\/notas\/var\/www\/html\/notas\/wp-content\/uploads\/2020\/01\/comunicado-asesinato-en-Gesell-300x178.jpg 300w, https:\/\/www.elsindical.com.ar\/notas\/var\/www\/html\/notas\/wp-content\/uploads\/2020\/01\/comunicado-asesinato-en-Gesell-768x455.jpg 768w, https:\/\/www.elsindical.com.ar\/notas\/var\/www\/html\/notas\/wp-content\/uploads\/2020\/01\/comunicado-asesinato-en-Gesell-500x296.jpg 500w, https:\/\/www.elsindical.com.ar\/notas\/var\/www\/html\/notas\/wp-content\/uploads\/2020\/01\/comunicado-asesinato-en-Gesell.jpg 1170w\" sizes=\"auto, (max-width: 1024px) 100vw, 1024px\" \/><\/figure>\n\n\n\n<p class=\"wp-block-paragraph\"> La organizaci\u00f3n  consider\u00f3 \u00ababorrecible\u00bb la agresi\u00f3n que termin\u00f3 en la muerte del joven a  la salida de un boliche en Villa Gesell golpeado por rubiers y adelant\u00f3  que buscar\u00e1 concientizar en los clubes. <\/p>\n\n\n\n<p class=\"wp-block-paragraph\">La <strong>Uni\u00f3n Argentina de Rugby (UAR) emiti\u00f3 un comunicado sobre la muerte de Fernando B\u00e1ez Sosa<\/strong>,  de 19 a\u00f1os, a manos de 11 j\u00f3venes, que pertenecen al club N\u00e1utico Arsenal Z\u00e1rate. El crimen se dio en horas de la madrugada del d\u00eda de  ayer, en Villa Gesell, en las afueras de un local bailable, conocido  como Le Brique.<\/p>\n\n\n\n<p class=\"wp-block-paragraph\">La Uni\u00f3n Argentina de Rugby<strong> adelant\u00f3 que crear\u00e1 un programa de concientizaci\u00f3n <\/strong>a\n trav\u00e9s de los clubes para evitar m\u00e1s muertes en los boliches por parte \nde j\u00f3venes jugadores, tras la golpiza que Fernando recibi\u00f3 por parte de \njugadores de la localidad de Z\u00e1rate.<\/p>\n\n\n\n<p class=\"wp-block-paragraph\">Tras la muerte, la polic\u00eda detuvo a los 11 jugadores, entre 18 y 20 a\u00f1os, que estuvieron involucrados en el hecho.<\/p>\n\n\n\n<p class=\"wp-block-paragraph\"><br><strong>El comunicado de la UAR:<\/strong><\/p>\n\n\n\n<p class=\"wp-block-paragraph\"><em>Tras los hechos p\u00fablicamente conocidos de violencia f\u00edsica \nrelacionados con jugadores de rugby, estamos profundamente consternados,\n por lo cual, consideramos necesario pronunciarnos.<\/em><\/p>\n\n\n\n<p class=\"wp-block-paragraph\"><em>Lamentamos profundamente el fallecimiento de Fernando B\u00e1ez Sosa \nesta madrugada en la localidad de Villa Gesell y queremos expresar \nnuestra mayor solidaridad para con sus familiares. Es aborrecible que un\n joven salga a divertirse y termine de esta manera.<\/em><\/p>\n\n\n\n<p class=\"wp-block-paragraph\"><em>Esto no puede volver a suceder en nuestra sociedad y todos juntos\n debemos condenar expresa y enf\u00e1ticamente estos sucesos de violencia.<\/em><\/p>\n\n\n\n<p class=\"wp-block-paragraph\"><em>Ante esto, inmediatamente, la Uni\u00f3n Argentina de Rugby ya trabaja\n en redoblar los esfuerzos y generar un programa espec\u00edfico de \nconcientizaci\u00f3n que colabore para que estos casos no sucedan nunca m\u00e1s. \nLo implementaremos junto a las 25 uniones provinciales para que se \ntraslade a los clubes, conscientes de que podemos ser parte de la \nsoluci\u00f3n a la violencia entre los j\u00f3venes, independientemente de que no \nsea una exclusiva responsabilidad nuestra.<\/em><\/p>\n\n\n\n<p class=\"wp-block-paragraph\"><em>Nuestro juego convive con el contacto f\u00edsico desde muy temprana  edad, pero siempre dentro de un claro reglamento. Quienes no lo  entiendan de esta manera y usan su fuerza f\u00edsica en detrimento de otro  no representan nada del rugby ni sus valores. Son la cara m\u00e1s cruel de  un flagelo que ata\u00f1e a toda la sociedad.<\/em><\/p>\n\n\n\n<figure class=\"wp-block-image size-large\"><img loading=\"lazy\" decoding=\"async\" width=\"634\" height=\"992\" src=\"http:\/\/www.elsindical.com.ar\/notas\/var\/www\/html\/notas\/wp-content\/uploads\/2020\/01\/comunicado-UAR-homicidio-en-Gesell.jpg\" alt=\"\" class=\"wp-image-92707\" srcset=\"https:\/\/www.elsindical.com.ar\/notas\/var\/www\/html\/notas\/wp-content\/uploads\/2020\/01\/comunicado-UAR-homicidio-en-Gesell.jpg 634w, https:\/\/www.elsindical.com.ar\/notas\/var\/www\/html\/notas\/wp-content\/uploads\/2020\/01\/comunicado-UAR-homicidio-en-Gesell-192x300.jpg 192w\" sizes=\"auto, (max-width: 634px) 100vw, 634px\" \/><\/figure>\n","protected":false},"excerpt":{"rendered":"<p>La organizaci\u00f3n consider\u00f3 \u00ababorrecible\u00bb la agresi\u00f3n que termin\u00f3 en la muerte del joven a la salida de un boliche en Villa Gesell golpeado por rubiers y adelant\u00f3 que buscar\u00e1 concientizar en los clubes. La Uni\u00f3n Argentina de Rugby (UAR) emiti\u00f3 un comunicado sobre la muerte de Fernando B\u00e1ez Sosa, de 19 a\u00f1os, a manos de&hellip;<\/p>\n","protected":false},"author":1,"featured_media":92706,"comment_status":"open","ping_status":"open","sticky":false,"template":"","format":"standard","meta":{"footnotes":""},"categories":[25],"tags":[32265,32261,32259,21502,3772,3481],"class_list":["post-92705","post","type-post","status-publish","format-standard","has-post-thumbnail","hentry","category-sociedad","tag-club-nautico-arsenal-zarate","tag-fernando-baez-sosa","tag-le-brique","tag-rugby","tag-uar","tag-villa-gesell"],"_links":{"self":[{"href":"https:\/\/www.elsindical.com.ar\/notas\/wp-json\/wp\/v2\/posts\/92705","targetHints":{"allow":["GET"]}}],"collection":[{"href":"https:\/\/www.elsindical.com.ar\/notas\/wp-json\/wp\/v2\/posts"}],"about":[{"href":"https:\/\/www.elsindical.com.ar\/notas\/wp-json\/wp\/v2\/types\/post"}],"author":[{"embeddable":true,"href":"https:\/\/www.elsindical.com.ar\/notas\/wp-json\/wp\/v2\/users\/1"}],"replies":[{"embeddable":true,"href":"https:\/\/www.elsindical.com.ar\/notas\/wp-json\/wp\/v2\/comments?post=92705"}],"version-history":[{"count":1,"href":"https:\/\/www.elsindical.com.ar\/notas\/wp-json\/wp\/v2\/posts\/92705\/revisions"}],"predecessor-version":[{"id":92708,"href":"https:\/\/www.elsindical.com.ar\/notas\/wp-json\/wp\/v2\/posts\/92705\/revisions\/92708"}],"wp:featuredmedia":[{"embeddable":true,"href":"https:\/\/www.elsindical.com.ar\/notas\/wp-json\/wp\/v2\/media\/92706"}],"wp:attachment":[{"href":"https:\/\/www.elsindical.com.ar\/notas\/wp-json\/wp\/v2\/media?parent=92705"}],"wp:term":[{"taxonomy":"category","embeddable":true,"href":"https:\/\/www.elsindical.com.ar\/notas\/wp-json\/wp\/v2\/categories?post=92705"},{"taxonomy":"post_tag","embeddable":true,"href":"https:\/\/www.elsindical.com.ar\/notas\/wp-json\/wp\/v2\/tags?post=92705"}],"curies":[{"name":"wp","href":"https:\/\/api.w.org\/{rel}","templated":true}]}}