{"id":92666,"date":"2020-01-17T10:10:09","date_gmt":"2020-01-17T13:10:09","guid":{"rendered":"http:\/\/www.elsindical.com.ar\/notas\/?p=92666"},"modified":"2020-01-17T10:10:09","modified_gmt":"2020-01-17T13:10:09","slug":"banco-central-volvio-a-bajar-piso-de-la-tasa-de-referencia-a-50","status":"publish","type":"post","link":"https:\/\/www.elsindical.com.ar\/notas\/banco-central-volvio-a-bajar-piso-de-la-tasa-de-referencia-a-50\/","title":{"rendered":"Banco Central volvi\u00f3 a bajar piso de la tasa de referencia a 50%"},"content":{"rendered":"\n<figure class=\"wp-block-image size-large is-resized\"><img loading=\"lazy\" decoding=\"async\" src=\"http:\/\/www.elsindical.com.ar\/notas\/var\/www\/html\/notas\/wp-content\/uploads\/2010\/08\/BCRA-frente.jpg\" alt=\"\" class=\"wp-image-8354\" width=\"564\" height=\"377\"\/><\/figure>\n\n\n\n<p class=\"wp-block-paragraph\"> La entidad monetaria  recort\u00f3 13 puntos el inter\u00e9s de las Leliq en un mes. Ante el riesgo de  un recalentamiento de la divisa, lanz\u00f3 un nuevo plazo fijo atado a la  inflaci\u00f3n. <\/p>\n\n\n\n<p class=\"wp-block-paragraph\">El directorio del <strong>Banco Central<\/strong> dispuso una nueva reducci\u00f3n del l\u00edmite inferior de la tasa de inter\u00e9s de <strong>Leliq de dos puntos, por lo que pas\u00f3 de 52% a 50%<\/strong>.<\/p>\n\n\n\n<p class=\"wp-block-paragraph\">\u00abLa decisi\u00f3n fue adoptada considerando que, en el marco de la actual \nsituaci\u00f3n de normalizaci\u00f3n macroecon\u00f3mica y financiera, la inminente \nextensi\u00f3n de los plazos de las Leliq y los avances del acuerdo econ\u00f3mico\n y social y Precios Cuidados, corresponde continuar con la baja gradual \nde la tasa de inter\u00e9s de referencia\u00bb, argument\u00f3 el organismo en un \ncomunicado.<\/p>\n\n\n\n<p class=\"wp-block-paragraph\"><strong>Indic\u00f3 adem\u00e1s que<\/strong> \u00ablos agregados monetarios se  ubican en m\u00ednimos hist\u00f3ricos medidos en porcentaje del PIB\u00bb y afirm\u00f3 que  \u00ablas tasas de inter\u00e9s nominales y reales, luego del estr\u00e9s financiero  que las llev\u00f3 a los niveles m\u00e1s altos desde la crisis de 2002, a\u00fan se  encuentran en niveles elevados\u00bb.<\/p>\n\n\n\n<p class=\"wp-block-paragraph\"><strong>\u00abEl proceso recesivo en la econom\u00eda argentina lleva m\u00e1s de \ndos a\u00f1os sin que haya tenido efecto sobre la evoluci\u00f3n del nivel general\n de precios\u00bb<\/strong>, analiz\u00f3.<\/p>\n\n\n\n<p class=\"wp-block-paragraph\">Subray\u00f3 que \u00abespera que la baja gradual de la tasa de inter\u00e9s \ncontribuya a relajar las condiciones crediticias y estimular la \nactividad econ\u00f3mica\u00bb.<\/p>\n\n\n\n<p class=\"wp-block-paragraph\">\u00abLas altas tasas de inter\u00e9s reales fueron inefectivas en generar una \ndesinflaci\u00f3n sostenible en el pasado reciente\u00bb, resalt\u00f3 y puntualiz\u00f3 que\n \u00aben 2019 alcanz\u00f3 53,8%, la m\u00e1s alta desde 1991\u00bb.<\/p>\n\n\n\n<p class=\"wp-block-paragraph\">La semana anterior, la autoridad monetaria hab\u00eda aplicado otro \nrecorte del l\u00edmite inferior de la tasa de Leliq, el cual pas\u00f3 de 55% a \n52%.<\/p>\n","protected":false},"excerpt":{"rendered":"<p>La entidad monetaria recort\u00f3 13 puntos el inter\u00e9s de las Leliq en un mes. Ante el riesgo de un recalentamiento de la divisa, lanz\u00f3 un nuevo plazo fijo atado a la inflaci\u00f3n. El directorio del Banco Central dispuso una nueva reducci\u00f3n del l\u00edmite inferior de la tasa de inter\u00e9s de Leliq de dos puntos, por&hellip;<\/p>\n","protected":false},"author":1,"featured_media":8354,"comment_status":"open","ping_status":"open","sticky":false,"template":"","format":"standard","meta":{"footnotes":""},"categories":[9],"tags":[1489,2450,22023,28120],"class_list":["post-92666","post","type-post","status-publish","format-standard","has-post-thumbnail","hentry","category-economia","tag-bcra","tag-diario-el-sindical","tag-economia","tag-tasa-de-referencia"],"_links":{"self":[{"href":"https:\/\/www.elsindical.com.ar\/notas\/wp-json\/wp\/v2\/posts\/92666","targetHints":{"allow":["GET"]}}],"collection":[{"href":"https:\/\/www.elsindical.com.ar\/notas\/wp-json\/wp\/v2\/posts"}],"about":[{"href":"https:\/\/www.elsindical.com.ar\/notas\/wp-json\/wp\/v2\/types\/post"}],"author":[{"embeddable":true,"href":"https:\/\/www.elsindical.com.ar\/notas\/wp-json\/wp\/v2\/users\/1"}],"replies":[{"embeddable":true,"href":"https:\/\/www.elsindical.com.ar\/notas\/wp-json\/wp\/v2\/comments?post=92666"}],"version-history":[{"count":1,"href":"https:\/\/www.elsindical.com.ar\/notas\/wp-json\/wp\/v2\/posts\/92666\/revisions"}],"predecessor-version":[{"id":92667,"href":"https:\/\/www.elsindical.com.ar\/notas\/wp-json\/wp\/v2\/posts\/92666\/revisions\/92667"}],"wp:featuredmedia":[{"embeddable":true,"href":"https:\/\/www.elsindical.com.ar\/notas\/wp-json\/wp\/v2\/media\/8354"}],"wp:attachment":[{"href":"https:\/\/www.elsindical.com.ar\/notas\/wp-json\/wp\/v2\/media?parent=92666"}],"wp:term":[{"taxonomy":"category","embeddable":true,"href":"https:\/\/www.elsindical.com.ar\/notas\/wp-json\/wp\/v2\/categories?post=92666"},{"taxonomy":"post_tag","embeddable":true,"href":"https:\/\/www.elsindical.com.ar\/notas\/wp-json\/wp\/v2\/tags?post=92666"}],"curies":[{"name":"wp","href":"https:\/\/api.w.org\/{rel}","templated":true}]}}