{"id":92660,"date":"2020-01-17T10:01:35","date_gmt":"2020-01-17T13:01:35","guid":{"rendered":"http:\/\/www.elsindical.com.ar\/notas\/?p=92660"},"modified":"2020-01-17T10:01:35","modified_gmt":"2020-01-17T13:01:35","slug":"la-plata-murio-hector-negri-juez-de-la-suprema-corte","status":"publish","type":"post","link":"https:\/\/www.elsindical.com.ar\/notas\/la-plata-murio-hector-negri-juez-de-la-suprema-corte\/","title":{"rendered":"La Plata: Muri\u00f3 H\u00e9ctor Negri, juez de la Suprema Corte"},"content":{"rendered":"\n<figure class=\"wp-block-image size-large\"><img loading=\"lazy\" decoding=\"async\" width=\"887\" height=\"554\" src=\"http:\/\/www.elsindical.com.ar\/notas\/var\/www\/html\/notas\/wp-content\/uploads\/2020\/01\/H\u00e9ctor-Negri.jpg\" alt=\"\" class=\"wp-image-92661\" srcset=\"https:\/\/www.elsindical.com.ar\/notas\/var\/www\/html\/notas\/wp-content\/uploads\/2020\/01\/H\u00e9ctor-Negri.jpg 887w, https:\/\/www.elsindical.com.ar\/notas\/var\/www\/html\/notas\/wp-content\/uploads\/2020\/01\/H\u00e9ctor-Negri-300x187.jpg 300w, https:\/\/www.elsindical.com.ar\/notas\/var\/www\/html\/notas\/wp-content\/uploads\/2020\/01\/H\u00e9ctor-Negri-768x480.jpg 768w, https:\/\/www.elsindical.com.ar\/notas\/var\/www\/html\/notas\/wp-content\/uploads\/2020\/01\/H\u00e9ctor-Negri-480x300.jpg 480w\" sizes=\"auto, (max-width: 887px) 100vw, 887px\" \/><\/figure>\n\n\n\n<p>El funcionario judicial estaba  internado en la ciudad de La Plata por complicaciones en su salud. Se  desempe\u00f1\u00f3 en el m\u00e1ximo tribunal bonaerense desde 1983.\u00a0 <\/p>\n\n\n\n<p>El vicepresidente de la Suprema Corte de Justicia bonaerense,<strong> H\u00e9ctor Negri<\/strong>, falleci\u00f3 en un centro de salud de la ciudad de La Plata en el que permanec\u00eda internado a ra\u00edz de complicaciones en su salud.<\/p>\n\n\n\n<p>En un comunicado, el m\u00e1ximo tribunal de la provincia lament\u00f3&nbsp;su deceso y record\u00f3 que Negri fue juez de la Suprema Corte<em> \u00abdesde diciembre de 1983\u00bb<\/em> y presidi\u00f3 el cuerpo en cuatro ocasiones, durante los a\u00f1os 1990-1991, 1998-1999, 2005-2006 y 2013-2014.<\/p>\n\n\n\n<p>Nacido en la localidad de Banfield, Negri era doctor en Derecho y \nCiencias Sociales y en Ciencias Jur\u00eddicas y Sociales. Con una vasta \ntrayectoria que abarcaba el \u00e1mbito judicial, docente y literario, fue \nhomenajeado por la C\u00e1mara de Diputados de la Naci\u00f3n<em> \u00abpor su contribuci\u00f3n a la cultura y a las letras argentinas\u00bb <\/em>y por la Universidad de Buenos Aires<em> \u00aben reconocimiento a sus cincuenta a\u00f1os de trayectoria docente\u00bb.<\/em><\/p>\n\n\n\n<p>Recibi\u00f3 el premio Alba de Am\u00e9rica otorgado por el Instituto Literario y Cultural Hisp\u00e1nico con sede en California, en m\u00e9rito<em> \u00abal valioso aporte a la literatura del mundo hisp\u00e1nico\u00bb,<\/em> y el premio Jos\u00e9 Hern\u00e1ndez de la Legislatura de la Provincia de Buenos Aires.<\/p>\n\n\n\n<p>Negri era Miembro de Honor de la fundaci\u00f3n Argentina para la Poes\u00eda y\n Miembro Correspondiente de la Academia de Letras de Santa Catarina, \nBrasil; Embajador de Paz por la organizaci\u00f3n Mil Milenios de Paz y la \nFundaci\u00f3n PEA (paz, ecolog\u00eda y arte); y Embajador de las Letras de la \nSociedad Argentina de Escritores.<\/p>\n\n\n\n<p>Galardonado con la Faja de Honor 2015 de la SADE, Negri hab\u00eda sido \ntambi\u00e9n distinguido como Vecino Ilustre de la ciudad de Lomas de Zamora y\n Ciudadano Ilustre de la Provincia de Buenos Aires por su trayectoria en\n el Campo Jur\u00eddico, Acad\u00e9mico y Literario; y por su ferviente Defensa y \nCompromiso con la Democracia, la Justicia y la Dignidad Social.<\/p>\n\n\n\n<p>Ante la muerte de su ministro decano, la Suprema Corte de Justicia expres\u00f3 <em>\u00absu pesar\u00bb<\/em> e hizo llegar sus condolencias a familiares y seres queridos.<\/p>\n","protected":false},"excerpt":{"rendered":"<p>El funcionario judicial estaba internado en la ciudad de La Plata por complicaciones en su salud. Se desempe\u00f1\u00f3 en el m\u00e1ximo tribunal bonaerense desde 1983.\u00a0 El vicepresidente de la Suprema Corte de Justicia bonaerense, H\u00e9ctor Negri, falleci\u00f3 en un centro de salud de la ciudad de La Plata en el que permanec\u00eda internado a ra\u00edz&hellip;<\/p>\n","protected":false},"author":1,"featured_media":92661,"comment_status":"open","ping_status":"open","sticky":false,"template":"","format":"standard","meta":{"footnotes":""},"categories":[24],"tags":[32250,239,305,11347],"class_list":["post-92660","post","type-post","status-publish","format-standard","has-post-thumbnail","hentry","category-sociales","tag-hector-negri","tag-la-plata","tag-muerte","tag-suprema-corte-de-justicia-bonaerense"],"_links":{"self":[{"href":"https:\/\/www.elsindical.com.ar\/notas\/wp-json\/wp\/v2\/posts\/92660","targetHints":{"allow":["GET"]}}],"collection":[{"href":"https:\/\/www.elsindical.com.ar\/notas\/wp-json\/wp\/v2\/posts"}],"about":[{"href":"https:\/\/www.elsindical.com.ar\/notas\/wp-json\/wp\/v2\/types\/post"}],"author":[{"embeddable":true,"href":"https:\/\/www.elsindical.com.ar\/notas\/wp-json\/wp\/v2\/users\/1"}],"replies":[{"embeddable":true,"href":"https:\/\/www.elsindical.com.ar\/notas\/wp-json\/wp\/v2\/comments?post=92660"}],"version-history":[{"count":1,"href":"https:\/\/www.elsindical.com.ar\/notas\/wp-json\/wp\/v2\/posts\/92660\/revisions"}],"predecessor-version":[{"id":92662,"href":"https:\/\/www.elsindical.com.ar\/notas\/wp-json\/wp\/v2\/posts\/92660\/revisions\/92662"}],"wp:featuredmedia":[{"embeddable":true,"href":"https:\/\/www.elsindical.com.ar\/notas\/wp-json\/wp\/v2\/media\/92661"}],"wp:attachment":[{"href":"https:\/\/www.elsindical.com.ar\/notas\/wp-json\/wp\/v2\/media?parent=92660"}],"wp:term":[{"taxonomy":"category","embeddable":true,"href":"https:\/\/www.elsindical.com.ar\/notas\/wp-json\/wp\/v2\/categories?post=92660"},{"taxonomy":"post_tag","embeddable":true,"href":"https:\/\/www.elsindical.com.ar\/notas\/wp-json\/wp\/v2\/tags?post=92660"}],"curies":[{"name":"wp","href":"https:\/\/api.w.org\/{rel}","templated":true}]}}