{"id":92633,"date":"2020-01-15T20:52:14","date_gmt":"2020-01-15T23:52:14","guid":{"rendered":"http:\/\/www.elsindical.com.ar\/notas\/?p=92633"},"modified":"2020-01-15T20:52:14","modified_gmt":"2020-01-15T23:52:14","slug":"facebook-una-cueva-para-el-delito","status":"publish","type":"post","link":"https:\/\/www.elsindical.com.ar\/notas\/facebook-una-cueva-para-el-delito\/","title":{"rendered":"Facebook una cueva para el delito"},"content":{"rendered":"\n<figure class=\"wp-block-image size-large\"><img loading=\"lazy\" decoding=\"async\" width=\"750\" height=\"422\" src=\"http:\/\/www.elsindical.com.ar\/notas\/var\/www\/html\/notas\/wp-content\/uploads\/2020\/01\/Facebook-lupa.jpg\" alt=\"\" class=\"wp-image-92634\" srcset=\"https:\/\/www.elsindical.com.ar\/notas\/var\/www\/html\/notas\/wp-content\/uploads\/2020\/01\/Facebook-lupa.jpg 750w, https:\/\/www.elsindical.com.ar\/notas\/var\/www\/html\/notas\/wp-content\/uploads\/2020\/01\/Facebook-lupa-300x169.jpg 300w, https:\/\/www.elsindical.com.ar\/notas\/var\/www\/html\/notas\/wp-content\/uploads\/2020\/01\/Facebook-lupa-500x281.jpg 500w, https:\/\/www.elsindical.com.ar\/notas\/var\/www\/html\/notas\/wp-content\/uploads\/2020\/01\/Facebook-lupa-460x260.jpg 460w\" sizes=\"auto, (max-width: 750px) 100vw, 750px\" \/><\/figure>\n\n\n\n<p class=\"wp-block-paragraph\">  El auge de las redes sociales, a hecho que muchas de estas encontraran un lucrativo negocio, sea con la venta de datos personales de sus usuarios que son en la practica OBLIGADOS a aceptar sus condiciones para operar en ellas y luego pueden llegar a recibir sanciones, generalmente arbitrarias y rid\u00edculas sin que exista una forma de apelar la misma, tema grave y que desarrollar\u00e9 en otro art\u00edculo una vez que siga los pasos que Facebook SRL en Argentina impone no solo a los usuarios sino a las propias autoridades judiciales ya que los oficios deben pasar por una oficina legal ubicada en Puerto Madero, de la firma multinacional de abogados Baker McKenzie.<\/p>\n\n\n\n<p class=\"wp-block-paragraph\">Con la implementaci\u00f3n de la plataforma comercial Marketplace, a los perfiles truchos que facilitan delitos de fraude, Grooming, pedofilia, entre otros, se han incrementado los robos en las transacciones de compra y venta, es decir, la firma impone condiciones, pero elude cualquier responsabilidad a pesar de ser el medio para la concreci\u00f3n de los delitos.<\/p>\n\n\n\n<p class=\"wp-block-paragraph\">Todos los supuestos controles son ineficientes y muchas veces las operadores de la firma tienen interpretaciones arbitrarias y err\u00f3neas, que solo fomentan el caos en la red social, ejemplos abundan, sanciones arbitrarias, calificaciones que realizan los usuarios, pero que sin fundamento alguno puede cambiar Facebook en beneficio de un comercio por ejemplo que realice malos trabajos o incumplan en las condiciones, dejando librada la administraci\u00f3n a una suerte de rueda de la fortuna con un vale todo.<\/p>\n\n\n\n<p class=\"wp-block-paragraph\">En el otro extremo est\u00e1 la censura torpe de la que se conocen miles de casos famosos y son pocos los reconocimientos de la red que no pasan de ser m\u00e1s que eso, un s\u00ed me equivoque pero que todo siga igual.<\/p>\n\n\n\n<p class=\"wp-block-paragraph\">Se agrava todo en la Argentina, cuando \u00abgigantes\u00bb que facturan millones son impunes o se creen impunes ante por ejemplo la Uni\u00f3n Europea o la justicia Am\u00e9ricana desafiando las normas o como ya ocurri\u00f3 en Europa reconociendo los abogados de Facebook que prefieren pagar multas millonarias porque representan una parte insignificante de sus ganancias.<\/p>\n\n\n\n<p class=\"wp-block-paragraph\">Esa es la pol\u00edtica de la empresa, EL NEGOCIO ante todo, es un desaf\u00edo de la pol\u00edtica local, el legislar para que los ciudadanos que optamos por el uso de redes sociales, no debamos aceptar condiciones leoninas, que nuestros datos no sean para ganancias millonarias de las que nunca seremos parte y tambi\u00e9n defender el Art. 16 de la Constituci\u00f3n Nacional de la igualdad de todos ante la Ley, en ese sentido, las pol\u00edticas de Facebook deben dejar de ser unilaterales, donde alguien X, aplica una sanci\u00f3n que no se puede apelar, donde como todo sociedad constituida debe tener una direcci\u00f3n f\u00edsica legal y no una casilla de correo VIP y digo esto, porque desde Baker McKenzie han deslindado toda responsabilidad por las medidas que adopta Facebook, asegurando no tener injerencia en las decisiones y que solo se ocupan de recepcionar los reclamos y oficios a la firma.<\/p>\n\n\n\n<p class=\"wp-block-paragraph\">Ya la propia condici\u00f3n de SRL, nos indica que la empresa Facebook en su filial de Argentina tiene una participaci\u00f3n y que su responsabilidad ante alguna demanda est\u00e1 muy acotada en lo que a sanciones econ\u00f3micas se refiere.<\/p>\n\n\n\n<p class=\"wp-block-paragraph\">En pa\u00edses europeos, las asociaciones de defensa del consumidor han presentado demandas colectivas por acciones en contra de los usuarios de la empresa y en muchos casos han obtenido sentencias favorables, pero en la Argentina, curiosamente nadie quiere representar a un usuario frente a un reclamo a Facebook, los motivos no son claros y se puede especular con intereses econ\u00f3micos, con cholulismo por el hecho de que para muchos no estar en Facebook es sin\u00f3nimo de no existir, de no pertenecer, tambi\u00e9n es cierto que para los pol\u00edticos, lejos de pensar en controlar los abusos de Facebook es mejor negocio pagar sumas millonarias como lo hizo Marcos Pe\u00f1a, obvio con el dinero p\u00fablico, entonces la balanza de los operadores tambi\u00e9n se inclina a favor de los ya denunciados Trolls que son inmunes a las denuncias por acoso, por agresividad, por perfiles truchos, mientras que a otros hasta copia del DNI le requieren para validar la cuenta, cosas que solo pasan en la Argentina, que ocupa el segundo lugar detr\u00e1s de Brasil de usuario de Facebook, un negocio del que gozan unos pocos.<\/p>\n\n\n\n<p class=\"wp-block-paragraph\">Por Marcelo Ricardo Hawrylciw<\/p>\n","protected":false},"excerpt":{"rendered":"<p>El auge de las redes sociales, a hecho que muchas de estas encontraran un lucrativo negocio, sea con la venta de datos personales de sus usuarios que son en la practica OBLIGADOS a aceptar sus condiciones para operar en ellas y luego pueden llegar a recibir sanciones, generalmente arbitrarias y rid\u00edculas sin que exista una&hellip;<\/p>\n","protected":false},"author":1,"featured_media":92634,"comment_status":"open","ping_status":"open","sticky":false,"template":"","format":"standard","meta":{"footnotes":""},"categories":[10],"tags":[32241,3968,892,22020,219,32242,7712,32243,376],"class_list":["post-92633","post","type-post","status-publish","format-standard","has-post-thumbnail","hentry","category-editorial","tag-baker-mckenzie","tag-defensa-del-consumidor","tag-delitos","tag-denuncias","tag-facebook","tag-facebook-srl","tag-legislacion","tag-sanciones-arbitrarias","tag-usuarios"],"_links":{"self":[{"href":"https:\/\/www.elsindical.com.ar\/notas\/wp-json\/wp\/v2\/posts\/92633","targetHints":{"allow":["GET"]}}],"collection":[{"href":"https:\/\/www.elsindical.com.ar\/notas\/wp-json\/wp\/v2\/posts"}],"about":[{"href":"https:\/\/www.elsindical.com.ar\/notas\/wp-json\/wp\/v2\/types\/post"}],"author":[{"embeddable":true,"href":"https:\/\/www.elsindical.com.ar\/notas\/wp-json\/wp\/v2\/users\/1"}],"replies":[{"embeddable":true,"href":"https:\/\/www.elsindical.com.ar\/notas\/wp-json\/wp\/v2\/comments?post=92633"}],"version-history":[{"count":1,"href":"https:\/\/www.elsindical.com.ar\/notas\/wp-json\/wp\/v2\/posts\/92633\/revisions"}],"predecessor-version":[{"id":92635,"href":"https:\/\/www.elsindical.com.ar\/notas\/wp-json\/wp\/v2\/posts\/92633\/revisions\/92635"}],"wp:featuredmedia":[{"embeddable":true,"href":"https:\/\/www.elsindical.com.ar\/notas\/wp-json\/wp\/v2\/media\/92634"}],"wp:attachment":[{"href":"https:\/\/www.elsindical.com.ar\/notas\/wp-json\/wp\/v2\/media?parent=92633"}],"wp:term":[{"taxonomy":"category","embeddable":true,"href":"https:\/\/www.elsindical.com.ar\/notas\/wp-json\/wp\/v2\/categories?post=92633"},{"taxonomy":"post_tag","embeddable":true,"href":"https:\/\/www.elsindical.com.ar\/notas\/wp-json\/wp\/v2\/tags?post=92633"}],"curies":[{"name":"wp","href":"https:\/\/api.w.org\/{rel}","templated":true}]}}