{"id":92621,"date":"2020-01-15T10:11:00","date_gmt":"2020-01-15T13:11:00","guid":{"rendered":"http:\/\/www.elsindical.com.ar\/notas\/?p=92621"},"modified":"2020-01-15T10:11:00","modified_gmt":"2020-01-15T13:11:00","slug":"punta-del-este-federico-alvarez-castillo-envuelto-en-un-escandalo-por-un-repudiable-video-de-un-cerdo-arrojado-a-una-pileta","status":"publish","type":"post","link":"https:\/\/www.elsindical.com.ar\/notas\/punta-del-este-federico-alvarez-castillo-envuelto-en-un-escandalo-por-un-repudiable-video-de-un-cerdo-arrojado-a-una-pileta\/","title":{"rendered":"Punta del Este: Federico \u00c1lvarez Castillo, envuelto en un esc\u00e1ndalo por un repudiable video de un cerdo arrojado a una pileta"},"content":{"rendered":"\n<figure class=\"wp-block-image size-large\"><img loading=\"lazy\" decoding=\"async\" width=\"1024\" height=\"642\" src=\"http:\/\/www.elsindical.com.ar\/notas\/var\/www\/html\/notas\/wp-content\/uploads\/2020\/01\/cerdo-arrojado-desde-helic\u00f3ptero-1024x642.jpg\" alt=\"\" class=\"wp-image-92622\" srcset=\"https:\/\/www.elsindical.com.ar\/notas\/var\/www\/html\/notas\/wp-content\/uploads\/2020\/01\/cerdo-arrojado-desde-helic\u00f3ptero-1024x642.jpg 1024w, https:\/\/www.elsindical.com.ar\/notas\/var\/www\/html\/notas\/wp-content\/uploads\/2020\/01\/cerdo-arrojado-desde-helic\u00f3ptero-300x188.jpg 300w, https:\/\/www.elsindical.com.ar\/notas\/var\/www\/html\/notas\/wp-content\/uploads\/2020\/01\/cerdo-arrojado-desde-helic\u00f3ptero-768x482.jpg 768w, https:\/\/www.elsindical.com.ar\/notas\/var\/www\/html\/notas\/wp-content\/uploads\/2020\/01\/cerdo-arrojado-desde-helic\u00f3ptero-478x300.jpg 478w, https:\/\/www.elsindical.com.ar\/notas\/var\/www\/html\/notas\/wp-content\/uploads\/2020\/01\/cerdo-arrojado-desde-helic\u00f3ptero.jpg 1327w\" sizes=\"auto, (max-width: 1024px) 100vw, 1024px\" \/><\/figure>\n\n\n\n<p class=\"wp-block-paragraph\">El descargo del empresario, due\u00f1o de la marca <strong>Etiqueta Negra<\/strong> y pareja de<strong> Lara Bernasconi<\/strong>, sobre el condenable hecho.\u00a0<\/p>\n\n\n\n<p class=\"wp-block-paragraph\">Un ins\u00f3lito y repudiable acto qued\u00f3 registrado en un video que se difundi\u00f3 en las redes sociales e involucra al empresario <strong>Federico \u00c1lvarez Castillo<\/strong>\u00a0(59), pareja desde hace 5 a\u00f1os con la modelo <strong>Lara Bernasconi<\/strong>\u00a0(40).  Las im\u00e1genes muestran a un animal, similar a un cerdo o a un cordero,  siendo arrojado desde un helic\u00f3ptero a la pileta de la chacra que el  creador de <strong>Etiqueta Negra<\/strong> tiene en Punta del Este.<\/p>\n\n\n\n<p class=\"wp-block-paragraph\">El lamentable video gener\u00f3 indignaci\u00f3n inmediata y, con el tema  instalado, el empresario hizo su descargo desde su cuenta de Instagram:  \u201cEn virtud al video que est\u00e1 circulando en las redes sociales, quiero  repudiar este hecho de vandalismo del cual fuimos v\u00edctimas mi familia y  yo\u201d, empez\u00f3 escribiendo el propietario de numerosas marcas de ropa.<\/p>\n\n\n\n<p class=\"wp-block-paragraph\">\u201cQuiero aclarar que al momento del hecho nos encontr\u00e1bamos  dentro del hogar cuando sentimos un fuerte ruido en el jard\u00edn; al salir  percibimos el acto aberrante que nos llev\u00f3 a un gran desconcierto por  una broma de muy mal gusto. Por tal motivo, repudiamos este tipo de  acciones y estamos trabajando para que se esclarezca de inmediato esta  situaci\u00f3n\u201d, asegur\u00f3.<\/p>\n\n\n\n<p class=\"wp-block-paragraph\"><em>La palabra de <strong>Federico \u00c1lvarez Castillo<\/strong> tras la difusi\u00f3n de un video de un cerdo siendo tirado desde un helic\u00f3peto a su pileta.\u00a0<\/em><\/p>\n\n\n\n<p class=\"wp-block-paragraph\">Tanto el comunicado como las desmentidas de Lara Bernasconi, fueron repudiadas por los medios de prensa locales, quienes consideran un exceso lo hecho y todos coinciden en que la justicia debe actuar.<\/p>\n\n\n\n<figure class=\"wp-block-gallery columns-1 is-cropped wp-block-gallery-1 is-layout-flex wp-block-gallery-is-layout-flex\"><ul class=\"blocks-gallery-grid\"><li class=\"blocks-gallery-item\"><figure><img loading=\"lazy\" decoding=\"async\" width=\"957\" height=\"536\" src=\"http:\/\/www.elsindical.com.ar\/notas\/var\/www\/html\/notas\/wp-content\/uploads\/2020\/01\/Lara-y-Federico.jpg\" alt=\"\" data-id=\"92623\" data-full-url=\"http:\/\/www.elsindical.com.ar\/notas\/var\/www\/html\/notas\/wp-content\/uploads\/2020\/01\/Lara-y-Federico.jpg\" data-link=\"http:\/\/www.elsindical.com.ar\/notas\/?attachment_id=92623#main\" class=\"wp-image-92623\" srcset=\"https:\/\/www.elsindical.com.ar\/notas\/var\/www\/html\/notas\/wp-content\/uploads\/2020\/01\/Lara-y-Federico.jpg 957w, https:\/\/www.elsindical.com.ar\/notas\/var\/www\/html\/notas\/wp-content\/uploads\/2020\/01\/Lara-y-Federico-300x168.jpg 300w, https:\/\/www.elsindical.com.ar\/notas\/var\/www\/html\/notas\/wp-content\/uploads\/2020\/01\/Lara-y-Federico-768x430.jpg 768w, https:\/\/www.elsindical.com.ar\/notas\/var\/www\/html\/notas\/wp-content\/uploads\/2020\/01\/Lara-y-Federico-500x280.jpg 500w\" sizes=\"auto, (max-width: 957px) 100vw, 957px\" \/><\/figure><\/li><li class=\"blocks-gallery-item\"><figure><img loading=\"lazy\" decoding=\"async\" width=\"461\" height=\"864\" src=\"http:\/\/www.elsindical.com.ar\/notas\/var\/www\/html\/notas\/wp-content\/uploads\/2020\/01\/comunicado-en-Instagram.jpg\" alt=\"\" data-id=\"92624\" data-full-url=\"http:\/\/www.elsindical.com.ar\/notas\/var\/www\/html\/notas\/wp-content\/uploads\/2020\/01\/comunicado-en-Instagram.jpg\" data-link=\"http:\/\/www.elsindical.com.ar\/notas\/?attachment_id=92624#main\" class=\"wp-image-92624\" srcset=\"https:\/\/www.elsindical.com.ar\/notas\/var\/www\/html\/notas\/wp-content\/uploads\/2020\/01\/comunicado-en-Instagram.jpg 461w, https:\/\/www.elsindical.com.ar\/notas\/var\/www\/html\/notas\/wp-content\/uploads\/2020\/01\/comunicado-en-Instagram-160x300.jpg 160w\" sizes=\"auto, (max-width: 461px) 100vw, 461px\" \/><\/figure><\/li><\/ul><\/figure>\n","protected":false},"excerpt":{"rendered":"<p>El descargo del empresario, due\u00f1o de la marca Etiqueta Negra y pareja de Lara Bernasconi, sobre el condenable hecho.\u00a0 Un ins\u00f3lito y repudiable acto qued\u00f3 registrado en un video que se difundi\u00f3 en las redes sociales e involucra al empresario Federico \u00c1lvarez Castillo\u00a0(59), pareja desde hace 5 a\u00f1os con la modelo Lara Bernasconi\u00a0(40). Las im\u00e1genes&hellip;<\/p>\n","protected":false},"author":1,"featured_media":92622,"comment_status":"open","ping_status":"open","sticky":false,"template":"","format":"standard","meta":{"footnotes":""},"categories":[18],"tags":[16316,32238,32239,1206,32240,1444],"class_list":["post-92621","post","type-post","status-publish","format-standard","has-post-thumbnail","hentry","category-internacionales","tag-cerdo","tag-etiqueta-negra","tag-federico-alvarez-castillo","tag-helicoptero","tag-lara-bernasconi","tag-punta-del-este"],"_links":{"self":[{"href":"https:\/\/www.elsindical.com.ar\/notas\/wp-json\/wp\/v2\/posts\/92621","targetHints":{"allow":["GET"]}}],"collection":[{"href":"https:\/\/www.elsindical.com.ar\/notas\/wp-json\/wp\/v2\/posts"}],"about":[{"href":"https:\/\/www.elsindical.com.ar\/notas\/wp-json\/wp\/v2\/types\/post"}],"author":[{"embeddable":true,"href":"https:\/\/www.elsindical.com.ar\/notas\/wp-json\/wp\/v2\/users\/1"}],"replies":[{"embeddable":true,"href":"https:\/\/www.elsindical.com.ar\/notas\/wp-json\/wp\/v2\/comments?post=92621"}],"version-history":[{"count":1,"href":"https:\/\/www.elsindical.com.ar\/notas\/wp-json\/wp\/v2\/posts\/92621\/revisions"}],"predecessor-version":[{"id":92625,"href":"https:\/\/www.elsindical.com.ar\/notas\/wp-json\/wp\/v2\/posts\/92621\/revisions\/92625"}],"wp:featuredmedia":[{"embeddable":true,"href":"https:\/\/www.elsindical.com.ar\/notas\/wp-json\/wp\/v2\/media\/92622"}],"wp:attachment":[{"href":"https:\/\/www.elsindical.com.ar\/notas\/wp-json\/wp\/v2\/media?parent=92621"}],"wp:term":[{"taxonomy":"category","embeddable":true,"href":"https:\/\/www.elsindical.com.ar\/notas\/wp-json\/wp\/v2\/categories?post=92621"},{"taxonomy":"post_tag","embeddable":true,"href":"https:\/\/www.elsindical.com.ar\/notas\/wp-json\/wp\/v2\/tags?post=92621"}],"curies":[{"name":"wp","href":"https:\/\/api.w.org\/{rel}","templated":true}]}}