{"id":92613,"date":"2020-01-15T09:38:24","date_gmt":"2020-01-15T12:38:24","guid":{"rendered":"http:\/\/www.elsindical.com.ar\/notas\/?p=92613"},"modified":"2020-01-15T09:38:24","modified_gmt":"2020-01-15T12:38:24","slug":"punta-del-este-encontraron-a-claudio-caniggia-y-sofia-bonelli-teniendo-sexo-en-una-pileta","status":"publish","type":"post","link":"https:\/\/www.elsindical.com.ar\/notas\/punta-del-este-encontraron-a-claudio-caniggia-y-sofia-bonelli-teniendo-sexo-en-una-pileta\/","title":{"rendered":"Punta del Este: Encontraron a Claudio Caniggia y Sof\u00eda Bonelli teniendo sexo en una pileta"},"content":{"rendered":"\n<figure class=\"wp-block-image size-large\"><img loading=\"lazy\" decoding=\"async\" width=\"770\" height=\"435\" src=\"http:\/\/www.elsindical.com.ar\/notas\/var\/www\/html\/notas\/wp-content\/uploads\/2020\/01\/Claudio-y-Sof\u00eda.jpg\" alt=\"\" class=\"wp-image-92614\" srcset=\"https:\/\/www.elsindical.com.ar\/notas\/var\/www\/html\/notas\/wp-content\/uploads\/2020\/01\/Claudio-y-Sof\u00eda.jpg 770w, https:\/\/www.elsindical.com.ar\/notas\/var\/www\/html\/notas\/wp-content\/uploads\/2020\/01\/Claudio-y-Sof\u00eda-300x169.jpg 300w, https:\/\/www.elsindical.com.ar\/notas\/var\/www\/html\/notas\/wp-content\/uploads\/2020\/01\/Claudio-y-Sof\u00eda-768x434.jpg 768w, https:\/\/www.elsindical.com.ar\/notas\/var\/www\/html\/notas\/wp-content\/uploads\/2020\/01\/Claudio-y-Sof\u00eda-500x282.jpg 500w, https:\/\/www.elsindical.com.ar\/notas\/var\/www\/html\/notas\/wp-content\/uploads\/2020\/01\/Claudio-y-Sof\u00eda-460x260.jpg 460w\" sizes=\"auto, (max-width: 770px) 100vw, 770px\" \/><\/figure>\n\n\n\n<p> El futbolista y la modelo fueron grabados en pleno d\u00eda haciendo el amor en una pileta en Punta del Este. <\/p>\n\n\n\n<p><strong>Claudio Caniggia y Sof\u00eda Bonelli<\/strong>&nbsp;no paran de generar\n noticias en los \u00faltimos d\u00edas. Primero con la suspensi\u00f3n de su \ncasamiento, luego con la nueva fecha de la boda y ahora, <strong>teniendo sexo en plena pileta<\/strong>. Hubo un&nbsp;video donde&nbsp;los protagonistas fueron sorprendidos in fragantis en<strong> Punta del Este.<\/strong><\/p>\n\n\n\n<p>Las im\u00e1genes tuvieron lugar en la ciudad uruguaya, se ve a la f<strong>eliz pareja en una pileta, abrazados, ella arriba de \u00e9l, y haciendo movimientos ascendentes y descendentes<\/strong>&#8230; Sin dudas, muchos afirmaron que estaban&nbsp;teniendo sexo a la vista de todos.<\/p>\n\n\n\n<p>Con esta filtraci\u00f3n, no ser\u00eda raro que comiencen a llegar las <strong>cr\u00edticas p\u00fablicas de Mariana Nannis, y las de Alex y Charlotte Caniggia<\/strong>, que seguramente se avergonzar\u00e1n del video de su padre teniendo relaciones.<\/p>\n\n\n\n<p>Mientras analizan la oferta para estar en El Bailando, ellos disfrutan de las vacaciones, el amor y el sexo de pareja.<\/p>\n","protected":false},"excerpt":{"rendered":"<p>El futbolista y la modelo fueron grabados en pleno d\u00eda haciendo el amor en una pileta en Punta del Este. Claudio Caniggia y Sof\u00eda Bonelli&nbsp;no paran de generar noticias en los \u00faltimos d\u00edas. Primero con la suspensi\u00f3n de su casamiento, luego con la nueva fecha de la boda y ahora, teniendo sexo en plena pileta.&hellip;<\/p>\n","protected":false},"author":1,"featured_media":92614,"comment_status":"open","ping_status":"open","sticky":false,"template":"","format":"standard","meta":{"footnotes":""},"categories":[15],"tags":[3092,12154,1444,241,32234],"class_list":["post-92613","post","type-post","status-publish","format-standard","has-post-thumbnail","hentry","category-espectaculos","tag-claudio-caniggia","tag-pileta","tag-punta-del-este","tag-sexo","tag-sofia-bonelli"],"_links":{"self":[{"href":"https:\/\/www.elsindical.com.ar\/notas\/wp-json\/wp\/v2\/posts\/92613","targetHints":{"allow":["GET"]}}],"collection":[{"href":"https:\/\/www.elsindical.com.ar\/notas\/wp-json\/wp\/v2\/posts"}],"about":[{"href":"https:\/\/www.elsindical.com.ar\/notas\/wp-json\/wp\/v2\/types\/post"}],"author":[{"embeddable":true,"href":"https:\/\/www.elsindical.com.ar\/notas\/wp-json\/wp\/v2\/users\/1"}],"replies":[{"embeddable":true,"href":"https:\/\/www.elsindical.com.ar\/notas\/wp-json\/wp\/v2\/comments?post=92613"}],"version-history":[{"count":1,"href":"https:\/\/www.elsindical.com.ar\/notas\/wp-json\/wp\/v2\/posts\/92613\/revisions"}],"predecessor-version":[{"id":92615,"href":"https:\/\/www.elsindical.com.ar\/notas\/wp-json\/wp\/v2\/posts\/92613\/revisions\/92615"}],"wp:featuredmedia":[{"embeddable":true,"href":"https:\/\/www.elsindical.com.ar\/notas\/wp-json\/wp\/v2\/media\/92614"}],"wp:attachment":[{"href":"https:\/\/www.elsindical.com.ar\/notas\/wp-json\/wp\/v2\/media?parent=92613"}],"wp:term":[{"taxonomy":"category","embeddable":true,"href":"https:\/\/www.elsindical.com.ar\/notas\/wp-json\/wp\/v2\/categories?post=92613"},{"taxonomy":"post_tag","embeddable":true,"href":"https:\/\/www.elsindical.com.ar\/notas\/wp-json\/wp\/v2\/tags?post=92613"}],"curies":[{"name":"wp","href":"https:\/\/api.w.org\/{rel}","templated":true}]}}