{"id":92588,"date":"2020-01-14T18:01:30","date_gmt":"2020-01-14T21:01:30","guid":{"rendered":"http:\/\/www.elsindical.com.ar\/notas\/?p=92588"},"modified":"2020-01-14T18:01:30","modified_gmt":"2020-01-14T21:01:30","slug":"el-ministro-de-salud-recibio-a-cavalieri-en-el-marco-de-la-emergencia-sanitaria","status":"publish","type":"post","link":"https:\/\/www.elsindical.com.ar\/notas\/el-ministro-de-salud-recibio-a-cavalieri-en-el-marco-de-la-emergencia-sanitaria\/","title":{"rendered":"El ministro de Salud recibi\u00f3 a Cavalieri en el marco de la Emergencia Sanitaria"},"content":{"rendered":"\n<figure class=\"wp-block-image size-large is-resized\"><img loading=\"lazy\" decoding=\"async\" src=\"http:\/\/www.elsindical.com.ar\/notas\/var\/www\/html\/notas\/wp-content\/uploads\/2020\/01\/image003.jpg\" alt=\"\" class=\"wp-image-92589\" width=\"595\" height=\"764\" srcset=\"https:\/\/www.elsindical.com.ar\/notas\/var\/www\/html\/notas\/wp-content\/uploads\/2020\/01\/image003.jpg 446w, https:\/\/www.elsindical.com.ar\/notas\/var\/www\/html\/notas\/wp-content\/uploads\/2020\/01\/image003-234x300.jpg 234w\" sizes=\"auto, (max-width: 595px) 100vw, 595px\" \/><\/figure>\n\n\n\n<p><strong>Ciudad Aut\u00f3noma de Buenos Aires, lunes 13 de enero del 2020<\/strong> &#8211; <strong>Gin\u00e9s Gonz\u00e1lez<\/strong> Garc\u00eda, Ministro de Salud de la Naci\u00f3n recibi\u00f3 esta tarde en dicha cartera a <strong>Armando Cavalieri<\/strong>,\n Secretario General de la Federaci\u00f3n Argentina de Empleados de Comercio y\n Servicios. El motivo del encuentro fue para debatir sobre la Emergencia\n Sanitaria en Argentina y las particularidades que esta representa en el\n sistema de salud solidario de los trabajadores.<\/p>\n\n\n\n<p>Los\n participantes del encuentro coincidieron en que \u201cel sistema sanitario \nse encuentra en riesgo cr\u00edtico\u201d. En ese sentido, resaltaron el objetivo \nde convocar a una agenda de trabajo y estimular una activa colaboraci\u00f3n \nentre el gobierno y la entidad sindical. <\/p>\n\n\n\n<p>En\n el marco de la reuni\u00f3n, se refirieron a la deuda de 3.500 millones de \npesos que el Estado contrajo con la obra sociale, en concepto de \nprestaciones ya realizadas. Adem\u00e1s, dialogaron respecto a las \nconsecuencias de la crisis sobre la estructura de salud solidaria que \nbrinda OSECAC. Dicha obra social ofrece igualdad de condiciones de \natenci\u00f3n y prestaci\u00f3n tanto para afiliados directos como jubilados, \nmonotributistas o por opci\u00f3n, sin discriminar los aportes de cada uno, \nlo cual conlleva a un desbalance&nbsp; dif\u00edcil de sostener.&nbsp; <\/p>\n\n\n\n<p>Tambi\u00e9n\n se refirieron a la necesidad de garantizar la cobertura y distribuci\u00f3n \nde medicamentos -eje esencial del proyecto de emergencia sanitaria- y de\n regular medicamentos biol\u00f3gicos y sobre el alarmante impacto que genera\n el aumento del d\u00f3lar en todas las prestaciones de salud.<\/p>\n\n\n\n<p>En\n consecuencia, Cavallieri y Carlos P\u00e9rez, titular de OSECAC, solicitaron\n que se incluyan algunos puntos en la ley de Emergencia Sanitaria. Por \nejemplo, un Plan M\u00e9dico Obligatorio de Emergencia que funcione como \ntecho de Prestaciones Obligatorias y la suspensi\u00f3n inmediata de todas \nlas medidas cautelares y amparos que no conlleven riesgo de vida o \nagravamiento de enfermedades para los beneficiarios. <\/p>\n\n\n\n<p>Adem\u00e1s,\n aplicar en forma urgente el aumento adicional establecido por el \nart\u00edculo 3 de la ley 27.430 sobre el valor de la Obra Social dentro del \nMonotributo, y la adecuaci\u00f3n de los valores cada tres meses. Asimismo, \nestablecer la ley de la Agencia de Evaluaci\u00f3n de Tecnolog\u00eda Sanitaria y \nfijar como vinculante el dictamen que emita la misma a los efectos de \nResoluciones Judiciales. <\/p>\n\n\n\n<p>Tambi\u00e9n\n se pidi\u00f3 incorporar al FSR el 15% de las diferencias que abonen los \nPlanes de Medicina Prepaga, establecer que durante la vigencia de la \nemergencia sanitaria no se puedan incorporar prestaciones al PMO, que \nlos trabajadores asalariados deban pemanecer durante el primer a\u00f1o en la\n Obra Social de origen y saldar deudas con obras sociales de las \nprestaciones realizadas y pagadas por las mismas y que fueran \npresentadas al S.U.R. <\/p>\n\n\n\n<p>Asimismo,\n adecuar a valores reales el aporte de la ANSES y PAMI que realizan por \nlos jubilados que se encuentran en las obras sociales, llev\u00e1ndolo como \nm\u00ednimo al valor promedio que recibe el PAMI por cada jubilado e \nimplementar cr\u00e9ditos a tasa subsidiada para mejorar la situaci\u00f3n \nfinanciera y econ\u00f3mica de las obras sociales.<\/p>\n","protected":false},"excerpt":{"rendered":"<p>Ciudad Aut\u00f3noma de Buenos Aires, lunes 13 de enero del 2020 &#8211; Gin\u00e9s Gonz\u00e1lez Garc\u00eda, Ministro de Salud de la Naci\u00f3n recibi\u00f3 esta tarde en dicha cartera a Armando Cavalieri, Secretario General de la Federaci\u00f3n Argentina de Empleados de Comercio y Servicios. El motivo del encuentro fue para debatir sobre la Emergencia Sanitaria en Argentina&hellip;<\/p>\n","protected":false},"author":1,"featured_media":92589,"comment_status":"open","ping_status":"open","sticky":false,"template":"","format":"standard","meta":{"footnotes":""},"categories":[13],"tags":[1289,32222,7023],"class_list":["post-92588","post","type-post","status-publish","format-standard","has-post-thumbnail","hentry","category-politica","tag-armando-cavalieri","tag-gines-garcia","tag-osecac"],"_links":{"self":[{"href":"https:\/\/www.elsindical.com.ar\/notas\/wp-json\/wp\/v2\/posts\/92588","targetHints":{"allow":["GET"]}}],"collection":[{"href":"https:\/\/www.elsindical.com.ar\/notas\/wp-json\/wp\/v2\/posts"}],"about":[{"href":"https:\/\/www.elsindical.com.ar\/notas\/wp-json\/wp\/v2\/types\/post"}],"author":[{"embeddable":true,"href":"https:\/\/www.elsindical.com.ar\/notas\/wp-json\/wp\/v2\/users\/1"}],"replies":[{"embeddable":true,"href":"https:\/\/www.elsindical.com.ar\/notas\/wp-json\/wp\/v2\/comments?post=92588"}],"version-history":[{"count":1,"href":"https:\/\/www.elsindical.com.ar\/notas\/wp-json\/wp\/v2\/posts\/92588\/revisions"}],"predecessor-version":[{"id":92590,"href":"https:\/\/www.elsindical.com.ar\/notas\/wp-json\/wp\/v2\/posts\/92588\/revisions\/92590"}],"wp:featuredmedia":[{"embeddable":true,"href":"https:\/\/www.elsindical.com.ar\/notas\/wp-json\/wp\/v2\/media\/92589"}],"wp:attachment":[{"href":"https:\/\/www.elsindical.com.ar\/notas\/wp-json\/wp\/v2\/media?parent=92588"}],"wp:term":[{"taxonomy":"category","embeddable":true,"href":"https:\/\/www.elsindical.com.ar\/notas\/wp-json\/wp\/v2\/categories?post=92588"},{"taxonomy":"post_tag","embeddable":true,"href":"https:\/\/www.elsindical.com.ar\/notas\/wp-json\/wp\/v2\/tags?post=92588"}],"curies":[{"name":"wp","href":"https:\/\/api.w.org\/{rel}","templated":true}]}}