{"id":92585,"date":"2020-01-14T15:30:45","date_gmt":"2020-01-14T18:30:45","guid":{"rendered":"http:\/\/www.elsindical.com.ar\/notas\/?p=92585"},"modified":"2020-01-14T15:30:45","modified_gmt":"2020-01-14T18:30:45","slug":"lanus-la-ex-massista-adriana-storni-es-la-nueva-secretaria-de-gobierno","status":"publish","type":"post","link":"https:\/\/www.elsindical.com.ar\/notas\/lanus-la-ex-massista-adriana-storni-es-la-nueva-secretaria-de-gobierno\/","title":{"rendered":"Lan\u00fas: La ex massista Adriana Storni es la nueva secretaria de Gobierno"},"content":{"rendered":"\n<figure class=\"wp-block-image size-large\"><img loading=\"lazy\" decoding=\"async\" width=\"627\" height=\"395\" src=\"http:\/\/www.elsindical.com.ar\/notas\/var\/www\/html\/notas\/wp-content\/uploads\/2020\/01\/Grindetti-y-Storni.jpg\" alt=\"\" class=\"wp-image-92586\" srcset=\"https:\/\/www.elsindical.com.ar\/notas\/var\/www\/html\/notas\/wp-content\/uploads\/2020\/01\/Grindetti-y-Storni.jpg 627w, https:\/\/www.elsindical.com.ar\/notas\/var\/www\/html\/notas\/wp-content\/uploads\/2020\/01\/Grindetti-y-Storni-300x189.jpg 300w, https:\/\/www.elsindical.com.ar\/notas\/var\/www\/html\/notas\/wp-content\/uploads\/2020\/01\/Grindetti-y-Storni-476x300.jpg 476w\" sizes=\"auto, (max-width: 627px) 100vw, 627px\" \/><\/figure>\n\n\n\n<p>La ex concejal massista Adriana Storni fue designada por el \nintendente N\u00e9stor Grindetti como nueva secretaria de Gobierno de Lan\u00fas. \nEn tanto, Ricardo Busacca, quien ocupaba ese lugar, ser\u00e1 el titular del \nnuevo Juzgado de Faltas 5.<\/p>\n\n\n\n<p>Fuentes municipales confirmaron la designaci\u00f3n de Storni, una abogada\n de origen peronista que conform\u00f3 el bloque del Frente Renovador y, en \nel final de su mandato, se sum\u00f3 al interbloque de Cambiemos.<\/p>\n\n\n\n<p>La dirigente ven\u00eda desempe\u00f1\u00e1ndose en el \u00e1rea de Asuntos Legales del \nMunicipio de Lan\u00fas, pero con esta designaci\u00f3n pasa a ocupar un lugar \nclave en la gesti\u00f3n de N\u00e9stor Grindetti.<\/p>\n\n\n\n<p>Una de las lecturas es que el jefe comunal de Lan\u00fas busca darle mayor\n juego pol\u00edtico a dirigentes que no han surgido de las filas del \nmacrismo local, para ampliar la alianza gobernante en el distrito.<\/p>\n","protected":false},"excerpt":{"rendered":"<p>La ex concejal massista Adriana Storni fue designada por el intendente N\u00e9stor Grindetti como nueva secretaria de Gobierno de Lan\u00fas. En tanto, Ricardo Busacca, quien ocupaba ese lugar, ser\u00e1 el titular del nuevo Juzgado de Faltas 5. Fuentes municipales confirmaron la designaci\u00f3n de Storni, una abogada de origen peronista que conform\u00f3 el bloque del Frente&hellip;<\/p>\n","protected":false},"author":1,"featured_media":92586,"comment_status":"open","ping_status":"open","sticky":false,"template":"","format":"standard","meta":{"footnotes":""},"categories":[13],"tags":[21235,32220,209,5025,32221],"class_list":["post-92585","post","type-post","status-publish","format-standard","has-post-thumbnail","hentry","category-politica","tag-adriana-storni","tag-juzgado-de-faltas-5","tag-lanus","tag-nestor-grindetti","tag-secretaria-de-gobierno-2"],"_links":{"self":[{"href":"https:\/\/www.elsindical.com.ar\/notas\/wp-json\/wp\/v2\/posts\/92585","targetHints":{"allow":["GET"]}}],"collection":[{"href":"https:\/\/www.elsindical.com.ar\/notas\/wp-json\/wp\/v2\/posts"}],"about":[{"href":"https:\/\/www.elsindical.com.ar\/notas\/wp-json\/wp\/v2\/types\/post"}],"author":[{"embeddable":true,"href":"https:\/\/www.elsindical.com.ar\/notas\/wp-json\/wp\/v2\/users\/1"}],"replies":[{"embeddable":true,"href":"https:\/\/www.elsindical.com.ar\/notas\/wp-json\/wp\/v2\/comments?post=92585"}],"version-history":[{"count":1,"href":"https:\/\/www.elsindical.com.ar\/notas\/wp-json\/wp\/v2\/posts\/92585\/revisions"}],"predecessor-version":[{"id":92587,"href":"https:\/\/www.elsindical.com.ar\/notas\/wp-json\/wp\/v2\/posts\/92585\/revisions\/92587"}],"wp:featuredmedia":[{"embeddable":true,"href":"https:\/\/www.elsindical.com.ar\/notas\/wp-json\/wp\/v2\/media\/92586"}],"wp:attachment":[{"href":"https:\/\/www.elsindical.com.ar\/notas\/wp-json\/wp\/v2\/media?parent=92585"}],"wp:term":[{"taxonomy":"category","embeddable":true,"href":"https:\/\/www.elsindical.com.ar\/notas\/wp-json\/wp\/v2\/categories?post=92585"},{"taxonomy":"post_tag","embeddable":true,"href":"https:\/\/www.elsindical.com.ar\/notas\/wp-json\/wp\/v2\/tags?post=92585"}],"curies":[{"name":"wp","href":"https:\/\/api.w.org\/{rel}","templated":true}]}}