{"id":92550,"date":"2020-01-13T00:43:19","date_gmt":"2020-01-13T03:43:19","guid":{"rendered":"http:\/\/www.elsindical.com.ar\/notas\/?p=92550"},"modified":"2020-01-13T00:43:19","modified_gmt":"2020-01-13T03:43:19","slug":"precios-cuidados-supermercados-chinos-propondran-al-gobierno-canasta-de-150-articulos","status":"publish","type":"post","link":"https:\/\/www.elsindical.com.ar\/notas\/precios-cuidados-supermercados-chinos-propondran-al-gobierno-canasta-de-150-articulos\/","title":{"rendered":"Precios Cuidados: supermercados chinos propondr\u00e1n al Gobierno canasta de 150 art\u00edculos"},"content":{"rendered":"\n<figure class=\"wp-block-image size-large\"><img loading=\"lazy\" decoding=\"async\" width=\"630\" height=\"356\" src=\"http:\/\/www.elsindical.com.ar\/notas\/var\/www\/html\/notas\/wp-content\/uploads\/2020\/01\/super-chino-gen\u00e9rico.jpg\" alt=\"\" class=\"wp-image-92551\" srcset=\"https:\/\/www.elsindical.com.ar\/notas\/var\/www\/html\/notas\/wp-content\/uploads\/2020\/01\/super-chino-gen\u00e9rico.jpg 630w, https:\/\/www.elsindical.com.ar\/notas\/var\/www\/html\/notas\/wp-content\/uploads\/2020\/01\/super-chino-gen\u00e9rico-300x170.jpg 300w, https:\/\/www.elsindical.com.ar\/notas\/var\/www\/html\/notas\/wp-content\/uploads\/2020\/01\/super-chino-gen\u00e9rico-500x283.jpg 500w, https:\/\/www.elsindical.com.ar\/notas\/var\/www\/html\/notas\/wp-content\/uploads\/2020\/01\/super-chino-gen\u00e9rico-460x260.jpg 460w\" sizes=\"auto, (max-width: 630px) 100vw, 630px\" \/><\/figure>\n\n\n\n<p> Voceros de esas  c\u00e1maras adelantaron que propondr\u00e1n al Gobierno una canasta conformada  por 150 art\u00edculos o m\u00e1s, integrada por productos de primeras marcas. <\/p>\n\n\n\n<p><strong>El Gobierno se reunir\u00e1 este lunes con representantes de los  supermercados chinos con el objetivo de extender el programa de \u00abPrecios  Cuidados\u00bb<\/strong> a m\u00e1s de 3.000 nuevas bocas de expendio del \u00e1rea metropolitana y el interior del pa\u00eds.<\/p>\n\n\n\n<p>La secretaria de Comercio Interior, Paula Espa\u00f1ol, hab\u00eda  anticipado en oportunidad del relanzamiento de ese programa que se  llevar\u00edan adelante negociaciones para ir sumando otros puntos de venta y  otros actores de la cadena de comercializaci\u00f3n.<\/p>\n\n\n\n<p>La funcionaria recibir\u00e1 a representantes de la C\u00e1mara  Empresarial de Desarrollo Argentino y Pa\u00edses del Sudeste Asi\u00e1tico, que  encabeza Yolanda Dur\u00e1n, de la C\u00e1mara de Autoservicios y Supermercados de  Residentes Chinos (CASRECH), que encabeza Eduardo Melio Gonz\u00e1lez, y a  la Federaci\u00f3n de Supermercados y Asociaciones Chinas (FESACH), conducida  por Gerardo Leiten.<\/p>\n\n\n\n<p><strong>Voceros de esas c\u00e1maras adelantaron que propondr\u00e1n al  Gobierno una canasta conformada por 150 art\u00edculos o m\u00e1s, integrada por  productos de primeras marcas<\/strong> incluidas por el gobierno y otras habituales en los autoservicios chinos.<\/p>\n\n\n\n<p>La secretaria de Comercio, tras el lanzamiento del programa, ya  acord\u00f3 un acuerdo similar con la C\u00e1mara Argentina de Supermercados  (CAS), pero con menor cantidad de productos que el m\u00e1ximo de 310, por  los espacios f\u00edsicos de venta, mas chicos que los de las grandes  cadenas.<\/p>\n\n\n\n<p>El acuerdo con la CAS incluy\u00f3 que los autoservicios de esa  c\u00e1mara presenten una canasta m\u00ednima de 70 productos o m\u00e1s hasta el  m\u00e1ximo de 310, y adem\u00e1s reemplazar productos de alguna marca que no  comercialicen con otro similar.<\/p>\n\n\n\n<p>Algunos fabricantes de primera l\u00ednea no tienen como clientes a  comercios chicos y solo lo hacen con las grandes cadenas de  supermercados, y es por eso que se autorizaron los cambios de art\u00edculos.<\/p>\n\n\n\n<p>Espa\u00f1ol mantendr\u00e1 tambi\u00e9n en los pr\u00f3ximos d\u00edas nuevas negociaciones  con la Liga de Almaceneros y de autoservicios mayoristas, tambi\u00e9n para  integrarlos a ese programa de precios de referencia.<\/p>\n\n\n\n<p>Las c\u00e1maras pedir\u00edan tambi\u00e9n a la funcionaria que se consideren  los cr\u00e9ditos fiscales que tienen los supermercados a su favor por  comprar productos con IVA y venderlos con IVA cero, durante el tiempo  que rigi\u00f3 esa rebaja impositiva para la venta de alimentos.<\/p>\n","protected":false},"excerpt":{"rendered":"<p>Voceros de esas c\u00e1maras adelantaron que propondr\u00e1n al Gobierno una canasta conformada por 150 art\u00edculos o m\u00e1s, integrada por productos de primeras marcas. El Gobierno se reunir\u00e1 este lunes con representantes de los supermercados chinos con el objetivo de extender el programa de \u00abPrecios Cuidados\u00bb a m\u00e1s de 3.000 nuevas bocas de expendio del \u00e1rea&hellip;<\/p>\n","protected":false},"author":1,"featured_media":92551,"comment_status":"open","ping_status":"open","sticky":false,"template":"","format":"standard","meta":{"footnotes":""},"categories":[9],"tags":[2450,22023,22288,6114,4331],"class_list":["post-92550","post","type-post","status-publish","format-standard","has-post-thumbnail","hentry","category-economia","tag-diario-el-sindical","tag-economia","tag-precios-cuidados","tag-productos","tag-supermercado-chino"],"_links":{"self":[{"href":"https:\/\/www.elsindical.com.ar\/notas\/wp-json\/wp\/v2\/posts\/92550","targetHints":{"allow":["GET"]}}],"collection":[{"href":"https:\/\/www.elsindical.com.ar\/notas\/wp-json\/wp\/v2\/posts"}],"about":[{"href":"https:\/\/www.elsindical.com.ar\/notas\/wp-json\/wp\/v2\/types\/post"}],"author":[{"embeddable":true,"href":"https:\/\/www.elsindical.com.ar\/notas\/wp-json\/wp\/v2\/users\/1"}],"replies":[{"embeddable":true,"href":"https:\/\/www.elsindical.com.ar\/notas\/wp-json\/wp\/v2\/comments?post=92550"}],"version-history":[{"count":1,"href":"https:\/\/www.elsindical.com.ar\/notas\/wp-json\/wp\/v2\/posts\/92550\/revisions"}],"predecessor-version":[{"id":92552,"href":"https:\/\/www.elsindical.com.ar\/notas\/wp-json\/wp\/v2\/posts\/92550\/revisions\/92552"}],"wp:featuredmedia":[{"embeddable":true,"href":"https:\/\/www.elsindical.com.ar\/notas\/wp-json\/wp\/v2\/media\/92551"}],"wp:attachment":[{"href":"https:\/\/www.elsindical.com.ar\/notas\/wp-json\/wp\/v2\/media?parent=92550"}],"wp:term":[{"taxonomy":"category","embeddable":true,"href":"https:\/\/www.elsindical.com.ar\/notas\/wp-json\/wp\/v2\/categories?post=92550"},{"taxonomy":"post_tag","embeddable":true,"href":"https:\/\/www.elsindical.com.ar\/notas\/wp-json\/wp\/v2\/tags?post=92550"}],"curies":[{"name":"wp","href":"https:\/\/api.w.org\/{rel}","templated":true}]}}