{"id":92534,"date":"2020-01-12T11:25:46","date_gmt":"2020-01-12T14:25:46","guid":{"rendered":"http:\/\/www.elsindical.com.ar\/notas\/?p=92534"},"modified":"2020-01-12T11:25:46","modified_gmt":"2020-01-12T14:25:46","slug":"neuquen-petroleros-en-estado-de-alerta-por-fiscalizacion-de-la-conciliacion-obligatoria","status":"publish","type":"post","link":"https:\/\/www.elsindical.com.ar\/notas\/neuquen-petroleros-en-estado-de-alerta-por-fiscalizacion-de-la-conciliacion-obligatoria\/","title":{"rendered":"Neuqu\u00e9n: Petroleros en estado de alerta por fiscalizaci\u00f3n de la conciliaci\u00f3n obligatoria"},"content":{"rendered":"\n<figure class=\"wp-block-image size-large\"><img loading=\"lazy\" decoding=\"async\" width=\"806\" height=\"451\" src=\"http:\/\/www.elsindical.com.ar\/notas\/var\/www\/html\/notas\/wp-content\/uploads\/2020\/01\/obreros-Vaca-Muerta.jpg\" alt=\"\" class=\"wp-image-92535\" srcset=\"https:\/\/www.elsindical.com.ar\/notas\/var\/www\/html\/notas\/wp-content\/uploads\/2020\/01\/obreros-Vaca-Muerta.jpg 806w, https:\/\/www.elsindical.com.ar\/notas\/var\/www\/html\/notas\/wp-content\/uploads\/2020\/01\/obreros-Vaca-Muerta-300x168.jpg 300w, https:\/\/www.elsindical.com.ar\/notas\/var\/www\/html\/notas\/wp-content\/uploads\/2020\/01\/obreros-Vaca-Muerta-768x430.jpg 768w, https:\/\/www.elsindical.com.ar\/notas\/var\/www\/html\/notas\/wp-content\/uploads\/2020\/01\/obreros-Vaca-Muerta-500x280.jpg 500w\" sizes=\"auto, (max-width: 806px) 100vw, 806px\" \/><\/figure>\n\n\n\n<p>El sindicato de petroleros de la  ciudad de Neuqu\u00e9n anunci\u00f3 que a\u00fan no fueron convocados para tratar los  1847 despidos que quedaron en suspenso de Vaca Muerta. <\/p>\n\n\n\n<p>El l\u00edder del Sindicato de Petroleros, <strong>Guillermo Pereyra, <\/strong>anunci\u00f3\n que a\u00fan no fueron convocados para tratar los 1847 despidos que quedaron\n en suspenso de Vaca Muerta. Que por el contrario, nuevas firmas \npretenden suspender personal.<\/p>\n\n\n\n<p>En esta l\u00ednea Pereyra advirti\u00f3 que no permitir\u00e1 que esto suceda y \ndecidi\u00f3 llamar a todos los trabajadores a regresar el lunes de sus \nvacaciones para comentar la situaci\u00f3n. Ese d\u00eda comenzar\u00e1 un recorrido \npor todos los yacimientos de la provincia junto a quienes lo acompa\u00f1an \nen la direcci\u00f3n del sindicato: Ricardo Astrada, Marcelo Rucci y Daniel \nAndres.<\/p>\n\n\n\n<p>Pereyra resalt\u00f3 que el sindicato mostr\u00f3 buena predisposici\u00f3n al \nextender hasta el 28 de enero la conciliaci\u00f3n obligatoria. Sin embargo \nel plazo va a llegar a su punto final y a\u00fan siguen sin novedades.<\/p>\n\n\n\n<p>Es importante recalcar que el conflicto engloba a 1847 petroleros; se\n trata de 427 trabajadores de 17 equipos de perforaci\u00f3n que est\u00e1n \nparados, los cuales se encuentran bajo suspensiones rotativas. Otros 824\n se dedican a la hidrofractura y 596 al transporte de arenas junto a \notros insumos.<\/p>\n","protected":false},"excerpt":{"rendered":"<p>El sindicato de petroleros de la ciudad de Neuqu\u00e9n anunci\u00f3 que a\u00fan no fueron convocados para tratar los 1847 despidos que quedaron en suspenso de Vaca Muerta. El l\u00edder del Sindicato de Petroleros, Guillermo Pereyra, anunci\u00f3 que a\u00fan no fueron convocados para tratar los 1847 despidos que quedaron en suspenso de Vaca Muerta. Que por&hellip;<\/p>\n","protected":false},"author":1,"featured_media":92535,"comment_status":"open","ping_status":"open","sticky":false,"template":"","format":"standard","meta":{"footnotes":""},"categories":[16],"tags":[3539,53,14643,1326,16683],"class_list":["post-92534","post","type-post","status-publish","format-standard","has-post-thumbnail","hentry","category-gremiales","tag-conciliacion-obligatoria","tag-despidos","tag-guillermo-pereyra","tag-neuquen","tag-vaca-muerta"],"_links":{"self":[{"href":"https:\/\/www.elsindical.com.ar\/notas\/wp-json\/wp\/v2\/posts\/92534","targetHints":{"allow":["GET"]}}],"collection":[{"href":"https:\/\/www.elsindical.com.ar\/notas\/wp-json\/wp\/v2\/posts"}],"about":[{"href":"https:\/\/www.elsindical.com.ar\/notas\/wp-json\/wp\/v2\/types\/post"}],"author":[{"embeddable":true,"href":"https:\/\/www.elsindical.com.ar\/notas\/wp-json\/wp\/v2\/users\/1"}],"replies":[{"embeddable":true,"href":"https:\/\/www.elsindical.com.ar\/notas\/wp-json\/wp\/v2\/comments?post=92534"}],"version-history":[{"count":1,"href":"https:\/\/www.elsindical.com.ar\/notas\/wp-json\/wp\/v2\/posts\/92534\/revisions"}],"predecessor-version":[{"id":92536,"href":"https:\/\/www.elsindical.com.ar\/notas\/wp-json\/wp\/v2\/posts\/92534\/revisions\/92536"}],"wp:featuredmedia":[{"embeddable":true,"href":"https:\/\/www.elsindical.com.ar\/notas\/wp-json\/wp\/v2\/media\/92535"}],"wp:attachment":[{"href":"https:\/\/www.elsindical.com.ar\/notas\/wp-json\/wp\/v2\/media?parent=92534"}],"wp:term":[{"taxonomy":"category","embeddable":true,"href":"https:\/\/www.elsindical.com.ar\/notas\/wp-json\/wp\/v2\/categories?post=92534"},{"taxonomy":"post_tag","embeddable":true,"href":"https:\/\/www.elsindical.com.ar\/notas\/wp-json\/wp\/v2\/tags?post=92534"}],"curies":[{"name":"wp","href":"https:\/\/api.w.org\/{rel}","templated":true}]}}