{"id":92531,"date":"2020-01-12T11:17:53","date_gmt":"2020-01-12T14:17:53","guid":{"rendered":"http:\/\/www.elsindical.com.ar\/notas\/?p=92531"},"modified":"2020-01-12T11:17:53","modified_gmt":"2020-01-12T14:17:53","slug":"accionan-contra-productores-rurales-por-trabajo-infantil-y-explotacion-laboral","status":"publish","type":"post","link":"https:\/\/www.elsindical.com.ar\/notas\/accionan-contra-productores-rurales-por-trabajo-infantil-y-explotacion-laboral\/","title":{"rendered":"Accionan contra productores rurales por trabajo infantil y explotaci\u00f3n laboral"},"content":{"rendered":"\n<figure class=\"wp-block-image size-large\"><img loading=\"lazy\" decoding=\"async\" width=\"765\" height=\"617\" src=\"http:\/\/www.elsindical.com.ar\/notas\/var\/www\/html\/notas\/wp-content\/uploads\/2020\/01\/fiscalizaci\u00f3n-productores-rurales.jpg\" alt=\"\" class=\"wp-image-92532\" srcset=\"https:\/\/www.elsindical.com.ar\/notas\/var\/www\/html\/notas\/wp-content\/uploads\/2020\/01\/fiscalizaci\u00f3n-productores-rurales.jpg 765w, https:\/\/www.elsindical.com.ar\/notas\/var\/www\/html\/notas\/wp-content\/uploads\/2020\/01\/fiscalizaci\u00f3n-productores-rurales-300x242.jpg 300w, https:\/\/www.elsindical.com.ar\/notas\/var\/www\/html\/notas\/wp-content\/uploads\/2020\/01\/fiscalizaci\u00f3n-productores-rurales-372x300.jpg 372w\" sizes=\"auto, (max-width: 765px) 100vw, 765px\" \/><\/figure>\n\n\n\n<p>Se registraron irregularidades en  San Miguel del Monte y Santiago del Estero tras relevamientos efectos  por RENATRE, UATRE y ministerios de Trabajo.<\/p>\n\n\n\n<p>El Registro Nacional de Trabajadores Rurales y Empleadores (RENATRE) <strong>accionar\u00e1 contra productores agropecuarios por violaci\u00f3n a las leyes que regulan la actividad laboral rural.<\/strong><\/p>\n\n\n\n<p>Durante el mes de diciembre, se realizaron 76 fiscalizaciones en 38 \nlocalidades del pa\u00eds, en establecimientos rurales dedicados a diferentes\n actividades, tales como la ganadera, hort\u00edcola, ar\u00e1ndanos, av\u00edcola, \ndurazno, porcina, vivero, yerba mate, te, frut\u00edcola y soja.<\/p>\n\n\n\n<p>En<strong> San Miguel del Monte se detect\u00f3 un caso con indicios de explotaci\u00f3n laboral<\/strong> en la actividad porcina que fue denunciado por el RENATRE penalmente.<\/p>\n\n\n\n<p>Las provincias donde se realizaron las inspecciones fueron Buenos \nAires, C\u00f3rdoba, La Pampa, Mendoza, Misiones, Neuqu\u00e9n, R\u00edo Negro, Salta, \nSanta Fe, San Luis, Santa Cruz, San Juan y Santiago del Estero.<\/p>\n\n\n\n<p>Otro de los casos detectados fue Santiago del Estero. All\u00ed las fiscalizaciones realizadas arrojaron como resultado <strong>la detecci\u00f3n de 10 casos de trabajo infantil en un establecimiento de la actividad hort\u00edcola,<\/strong> espec\u00edficamente tomate, y, adem\u00e1s, trabajadores no inscriptos en el RENATRE.<\/p>\n\n\n\n<p>Tambi\u00e9n se pudo constatar con los dem\u00e1s organismos intervinientes \ncondiciones de las viviendas inadecuadas, la ausencia de ropa de trabajo\n y elementos de protecci\u00f3n, falta de agua potable y pago de salarios \ninferiores a lo regulado por la CNTA.<\/p>\n\n\n\n<p>A lo largo de 2019, el RENATRE junto a <strong>UATRE (Uni\u00f3n Argentina de Trabajadores Rurales y Estibadores)<\/strong>,\n OSPRERA (Obra Social del Personal Rural y Estibadores), la Secretar\u00eda \nde Trabajo de La Naci\u00f3n y Ministerios de trabajo locales y personal de \nlas Comisiones Provinciales para la Prevenci\u00f3n y Erradicaci\u00f3n del \nTrabajo Infantil (COPRETI) relev\u00f3 un total de 769 trabajadores en 13 \nprovincias del pa\u00eds, y se constat\u00f3 que cuenten con la Libreta de Trabajo\n Rural (LTR).<\/p>\n\n\n\n<p>Asimismo, se les inform\u00f3 sobre los derechos y obligaciones de acuerdo a las leyes que regulan la actividad rural.<\/p>\n\n\n\n<p>\u201cNos hacemos presente en los establecimientos de trabajo de forma \nplanificada, constatando que se cumpla la ley y el trabajador tenga \nacceso a sus derechos laborales. En este sentido, <strong>las \nfiscalizaciones ejercen un rol fundamental que busca que cada trabajador\n est\u00e9 registrado y cuente con su Libreta de Trabajo rural<\/strong>\u201d, afirm\u00f3 Sol Henchoz, Secretaria de Fiscalizaci\u00f3n del RENATRE.<\/p>\n\n\n\n<p>Al finalizar las tareas correspondientes, los inspectores del RENATRE\n informaron a los trabajadores sobre los alcances y beneficios de la Ley\n 25.191, notificaron a los empleadores sobre la obligaci\u00f3n de tramitar \nla Libreta Trabajo Rural (LTR) y se iniciaron las actuaciones \nadministrativas y legales correspondientes.<\/p>\n\n\n\n<p>\u201cLas pol\u00edticas de fiscalizaci\u00f3n implementadas por el RENATRE tienen \ncomo finalidad comprobar que los trabajadores est\u00e9n debidamente \ninscriptos en organismo y fortalecer las acciones que promuevan el \ntrabajo decente y la lucha contra el trabajo informal\u201d, se\u00f1alaron desde \nel organismo.<\/p>\n","protected":false},"excerpt":{"rendered":"<p>Se registraron irregularidades en San Miguel del Monte y Santiago del Estero tras relevamientos efectos por RENATRE, UATRE y ministerios de Trabajo. El Registro Nacional de Trabajadores Rurales y Empleadores (RENATRE) accionar\u00e1 contra productores agropecuarios por violaci\u00f3n a las leyes que regulan la actividad laboral rural. Durante el mes de diciembre, se realizaron 76 fiscalizaciones&hellip;<\/p>\n","protected":false},"author":1,"featured_media":92532,"comment_status":"open","ping_status":"open","sticky":false,"template":"","format":"standard","meta":{"footnotes":""},"categories":[16],"tags":[7066,26959,9076,5642],"class_list":["post-92531","post","type-post","status-publish","format-standard","has-post-thumbnail","hentry","category-gremiales","tag-explotacion-laboral","tag-productores-rurales","tag-trabajo-infantil","tag-uatre"],"_links":{"self":[{"href":"https:\/\/www.elsindical.com.ar\/notas\/wp-json\/wp\/v2\/posts\/92531","targetHints":{"allow":["GET"]}}],"collection":[{"href":"https:\/\/www.elsindical.com.ar\/notas\/wp-json\/wp\/v2\/posts"}],"about":[{"href":"https:\/\/www.elsindical.com.ar\/notas\/wp-json\/wp\/v2\/types\/post"}],"author":[{"embeddable":true,"href":"https:\/\/www.elsindical.com.ar\/notas\/wp-json\/wp\/v2\/users\/1"}],"replies":[{"embeddable":true,"href":"https:\/\/www.elsindical.com.ar\/notas\/wp-json\/wp\/v2\/comments?post=92531"}],"version-history":[{"count":1,"href":"https:\/\/www.elsindical.com.ar\/notas\/wp-json\/wp\/v2\/posts\/92531\/revisions"}],"predecessor-version":[{"id":92533,"href":"https:\/\/www.elsindical.com.ar\/notas\/wp-json\/wp\/v2\/posts\/92531\/revisions\/92533"}],"wp:featuredmedia":[{"embeddable":true,"href":"https:\/\/www.elsindical.com.ar\/notas\/wp-json\/wp\/v2\/media\/92532"}],"wp:attachment":[{"href":"https:\/\/www.elsindical.com.ar\/notas\/wp-json\/wp\/v2\/media?parent=92531"}],"wp:term":[{"taxonomy":"category","embeddable":true,"href":"https:\/\/www.elsindical.com.ar\/notas\/wp-json\/wp\/v2\/categories?post=92531"},{"taxonomy":"post_tag","embeddable":true,"href":"https:\/\/www.elsindical.com.ar\/notas\/wp-json\/wp\/v2\/tags?post=92531"}],"curies":[{"name":"wp","href":"https:\/\/api.w.org\/{rel}","templated":true}]}}