{"id":92528,"date":"2020-01-12T11:11:34","date_gmt":"2020-01-12T14:11:34","guid":{"rendered":"http:\/\/www.elsindical.com.ar\/notas\/?p=92528"},"modified":"2020-01-12T11:11:34","modified_gmt":"2020-01-12T14:11:34","slug":"trotta-convocara-a-la-paritaria-nacional-docente-para-el-proximo-20-de-enero","status":"publish","type":"post","link":"https:\/\/www.elsindical.com.ar\/notas\/trotta-convocara-a-la-paritaria-nacional-docente-para-el-proximo-20-de-enero\/","title":{"rendered":"Trotta convocar\u00e1 a la paritaria nacional docente para el pr\u00f3ximo 20 de enero"},"content":{"rendered":"\n<figure class=\"wp-block-image size-large\"><img loading=\"lazy\" decoding=\"async\" width=\"1024\" height=\"682\" src=\"http:\/\/www.elsindical.com.ar\/notas\/var\/www\/html\/notas\/wp-content\/uploads\/2020\/01\/pedido-paritaria-docente-1024x682.jpg\" alt=\"\" class=\"wp-image-92529\" srcset=\"https:\/\/www.elsindical.com.ar\/notas\/var\/www\/html\/notas\/wp-content\/uploads\/2020\/01\/pedido-paritaria-docente-1024x682.jpg 1024w, https:\/\/www.elsindical.com.ar\/notas\/var\/www\/html\/notas\/wp-content\/uploads\/2020\/01\/pedido-paritaria-docente-300x200.jpg 300w, https:\/\/www.elsindical.com.ar\/notas\/var\/www\/html\/notas\/wp-content\/uploads\/2020\/01\/pedido-paritaria-docente-768x512.jpg 768w, https:\/\/www.elsindical.com.ar\/notas\/var\/www\/html\/notas\/wp-content\/uploads\/2020\/01\/pedido-paritaria-docente-450x300.jpg 450w, https:\/\/www.elsindical.com.ar\/notas\/var\/www\/html\/notas\/wp-content\/uploads\/2020\/01\/pedido-paritaria-docente.jpg 1480w\" sizes=\"auto, (max-width: 1024px) 100vw, 1024px\" \/><\/figure>\n\n\n\n<p>Sin embargo, el gobierno advirti\u00f3 que no habr\u00e1 \u201ccl\u00e1usula gatillo\u201d ni bono especial.<\/p>\n\n\n\n<p>El&nbsp;<strong>Ministerio de Educaci\u00f3n<\/strong>&nbsp;conducido\n por Nicol\u00e1s Trotta, convocar\u00e1 a paritaria nacional a los docentes de \nlas 24 jurisdicciones para el pr\u00f3ximo 20 de enero con el objetivo de \ndiscutir nuevos incrementos salariales. Se prev\u00e9 que los aumentos sean \nuna suma fija respecto de la inflaci\u00f3n.<\/p>\n\n\n\n<p>El acuerdo, explicaron, no contemplar\u00e1 la \u201ccl\u00e1usula gatillo\u201d ni bonos\n especiales como los que le fueron otorgados a estatales y privados por \ndecreto.<\/p>\n\n\n\n<p>Seg\u00fan trascendidos, la fecha de la reuni\u00f3n qued\u00f3 fijada luego de un  encuentro que mantuvieron Trotta y el jefe de Gabinete, Santiago Cafiero,  con representantes gremiales de Cetera y CTA.<\/p>\n\n\n\n<p>\u201c<strong>Hay una muy buena predisposici\u00f3n de los gremios<\/strong>&nbsp;con\n el gobierno por el esfuerzo que se est\u00e1 haciendo y una comprensi\u00f3n de \nla situaci\u00f3n fiscal dram\u00e1tica que vive la Argentina\u201d, le confi\u00f3 a \nInfobae un funcionario del gobierno.<\/p>\n\n\n\n<p>El llamado a la paritaria nacional contar\u00e1 con algunas limitaciones \npor la situaci\u00f3n de gravedad que atraviesa el Estado y se estima que \nser\u00eda del orden del 15% promedio que repercutir\u00eda de manera directa en \nlos salarios m\u00e1s bajos.<\/p>\n\n\n\n<p>Respecto de las provincias en particular, el titular de la Cartera ya hab\u00eda advertido que \u201c<strong>con los gobernadores habr\u00e1 en adelante una construcci\u00f3n colectiva en educaci\u00f3n<\/strong>, que apunte no s\u00f3lo a discutir salarios sino tambi\u00e9n a dise\u00f1ar una agenda federal\u201d.<\/p>\n\n\n\n<p>Por otra parte, el gobierno mostr\u00f3 la intenci\u00f3n de que se revise la \nparitaria cada 90 o 180 d\u00edas, seg\u00fan la inflaci\u00f3n que revele el Instituto\n Nacional de Estad\u00edsticas y Censos (INDEC).<\/p>\n","protected":false},"excerpt":{"rendered":"<p>Sin embargo, el gobierno advirti\u00f3 que no habr\u00e1 \u201ccl\u00e1usula gatillo\u201d ni bono especial. El&nbsp;Ministerio de Educaci\u00f3n&nbsp;conducido por Nicol\u00e1s Trotta, convocar\u00e1 a paritaria nacional a los docentes de las 24 jurisdicciones para el pr\u00f3ximo 20 de enero con el objetivo de discutir nuevos incrementos salariales. Se prev\u00e9 que los aumentos sean una suma fija respecto de&hellip;<\/p>\n","protected":false},"author":1,"featured_media":92529,"comment_status":"open","ping_status":"open","sticky":false,"template":"","format":"standard","meta":{"footnotes":""},"categories":[16],"tags":[15310,184,32008,25424,32013],"class_list":["post-92528","post","type-post","status-publish","format-standard","has-post-thumbnail","hentry","category-gremiales","tag-cetera","tag-cta","tag-nicolas-trotta","tag-paritaria-docente","tag-santiago-cafiero"],"_links":{"self":[{"href":"https:\/\/www.elsindical.com.ar\/notas\/wp-json\/wp\/v2\/posts\/92528","targetHints":{"allow":["GET"]}}],"collection":[{"href":"https:\/\/www.elsindical.com.ar\/notas\/wp-json\/wp\/v2\/posts"}],"about":[{"href":"https:\/\/www.elsindical.com.ar\/notas\/wp-json\/wp\/v2\/types\/post"}],"author":[{"embeddable":true,"href":"https:\/\/www.elsindical.com.ar\/notas\/wp-json\/wp\/v2\/users\/1"}],"replies":[{"embeddable":true,"href":"https:\/\/www.elsindical.com.ar\/notas\/wp-json\/wp\/v2\/comments?post=92528"}],"version-history":[{"count":1,"href":"https:\/\/www.elsindical.com.ar\/notas\/wp-json\/wp\/v2\/posts\/92528\/revisions"}],"predecessor-version":[{"id":92530,"href":"https:\/\/www.elsindical.com.ar\/notas\/wp-json\/wp\/v2\/posts\/92528\/revisions\/92530"}],"wp:featuredmedia":[{"embeddable":true,"href":"https:\/\/www.elsindical.com.ar\/notas\/wp-json\/wp\/v2\/media\/92529"}],"wp:attachment":[{"href":"https:\/\/www.elsindical.com.ar\/notas\/wp-json\/wp\/v2\/media?parent=92528"}],"wp:term":[{"taxonomy":"category","embeddable":true,"href":"https:\/\/www.elsindical.com.ar\/notas\/wp-json\/wp\/v2\/categories?post=92528"},{"taxonomy":"post_tag","embeddable":true,"href":"https:\/\/www.elsindical.com.ar\/notas\/wp-json\/wp\/v2\/tags?post=92528"}],"curies":[{"name":"wp","href":"https:\/\/api.w.org\/{rel}","templated":true}]}}