{"id":92504,"date":"2020-01-11T10:03:19","date_gmt":"2020-01-11T13:03:19","guid":{"rendered":"http:\/\/www.elsindical.com.ar\/notas\/?p=92504"},"modified":"2020-01-11T10:03:19","modified_gmt":"2020-01-11T13:03:19","slug":"berni-esta-es-tu-policia-en-la-ciudad-de-la-plata","status":"publish","type":"post","link":"https:\/\/www.elsindical.com.ar\/notas\/berni-esta-es-tu-policia-en-la-ciudad-de-la-plata\/","title":{"rendered":"Berni, esta es tu polic\u00eda en la ciudad de La Plata"},"content":{"rendered":"\n<figure class=\"wp-block-image size-large is-resized\"><img loading=\"lazy\" decoding=\"async\" src=\"http:\/\/www.elsindical.com.ar\/notas\/var\/www\/html\/notas\/wp-content\/uploads\/2020\/01\/incidentes-en-La-Plata-polic\u00edas-huyen-1024x666.jpg\" alt=\"\" class=\"wp-image-92505\" width=\"589\" height=\"383\" srcset=\"https:\/\/www.elsindical.com.ar\/notas\/var\/www\/html\/notas\/wp-content\/uploads\/2020\/01\/incidentes-en-La-Plata-polic\u00edas-huyen-1024x666.jpg 1024w, https:\/\/www.elsindical.com.ar\/notas\/var\/www\/html\/notas\/wp-content\/uploads\/2020\/01\/incidentes-en-La-Plata-polic\u00edas-huyen-300x195.jpg 300w, https:\/\/www.elsindical.com.ar\/notas\/var\/www\/html\/notas\/wp-content\/uploads\/2020\/01\/incidentes-en-La-Plata-polic\u00edas-huyen-768x500.jpg 768w, https:\/\/www.elsindical.com.ar\/notas\/var\/www\/html\/notas\/wp-content\/uploads\/2020\/01\/incidentes-en-La-Plata-polic\u00edas-huyen-461x300.jpg 461w, https:\/\/www.elsindical.com.ar\/notas\/var\/www\/html\/notas\/wp-content\/uploads\/2020\/01\/incidentes-en-La-Plata-polic\u00edas-huyen.jpg 1200w\" sizes=\"auto, (max-width: 589px) 100vw, 589px\" \/><\/figure>\n\n\n\n<p class=\"wp-block-paragraph\">  Mientras el ministro de seguridad Sergio Berni, solo arranc\u00f3 para los medios su trabajo, brindando entrevistas, pero demostrando poco trabajo real, ya que siguen los robos, las muertes y los reclamos, el medio <strong>LA BUENA INFO<\/strong> recibe de un vecino un video que muestra la verg\u00fcenza que hoy representa la Polic\u00eda Bonaerense por culpa de muchos de sus efectivos.<\/p>\n\n\n\n<p class=\"wp-block-paragraph\">Dos sujetos protagonizaron una pelea callejera este s\u00e1bado en horas \nde la madrugada. El suceso ocurri\u00f3 en la zona de Avenida 60 entre 17 y \n18. Fue luego de que uno de los implicados atac\u00f3 el frente de un local \n(kiosco) con una silla de pl\u00e1stico en el marco de una discusi\u00f3n, luego \nagredi\u00f3 del mismo modo a quien ten\u00eda al lado y este \u00faltimo lo atac\u00f3 del \nmismo modo.<\/p>\n\n\n\n<p class=\"wp-block-paragraph\">La discusi\u00f3n alert\u00f3 a los vecinos y algunos de los frentistas de la  zona hasta captaron im\u00e1genes con sus tel\u00e9fonos celulares, en una de las  secuencias que se conoci\u00f3 por redes se vio como agentes policiales  siguieron de largo al ver estos sucesos, algo que llam\u00f3 a atenci\u00f3n de  los denunciantes.<\/p>\n\n\n\n<p class=\"wp-block-paragraph\">Los vecinos agregaron que las peleas y los hechos delictivos en la zona son reiterados, las quejas van en aumento.<\/p>\n\n\n\n<figure class=\"wp-block-video aligncenter\"><video height=\"400\" style=\"aspect-ratio: 226 \/ 400;\" width=\"226\" controls src=\"http:\/\/www.elsindical.com.ar\/notas\/var\/www\/html\/notas\/wp-content\/uploads\/2020\/01\/polic\u00edas-La-Plata-huyen.mp4\"><\/video><\/figure>\n","protected":false},"excerpt":{"rendered":"<p>Mientras el ministro de seguridad Sergio Berni, solo arranc\u00f3 para los medios su trabajo, brindando entrevistas, pero demostrando poco trabajo real, ya que siguen los robos, las muertes y los reclamos, el medio LA BUENA INFO recibe de un vecino un video que muestra la verg\u00fcenza que hoy representa la Polic\u00eda Bonaerense por culpa de&hellip;<\/p>\n","protected":false},"author":1,"featured_media":92505,"comment_status":"open","ping_status":"open","sticky":false,"template":"","format":"standard","meta":{"footnotes":""},"categories":[22],"tags":[1451,892,1229,32202,239,11727,986],"class_list":["post-92504","post","type-post","status-publish","format-standard","has-post-thumbnail","hentry","category-policiales","tag-corrupcion","tag-delitos","tag-incidentes","tag-la-buena-info","tag-la-plata","tag-sergio-berni","tag-vecinos"],"_links":{"self":[{"href":"https:\/\/www.elsindical.com.ar\/notas\/wp-json\/wp\/v2\/posts\/92504","targetHints":{"allow":["GET"]}}],"collection":[{"href":"https:\/\/www.elsindical.com.ar\/notas\/wp-json\/wp\/v2\/posts"}],"about":[{"href":"https:\/\/www.elsindical.com.ar\/notas\/wp-json\/wp\/v2\/types\/post"}],"author":[{"embeddable":true,"href":"https:\/\/www.elsindical.com.ar\/notas\/wp-json\/wp\/v2\/users\/1"}],"replies":[{"embeddable":true,"href":"https:\/\/www.elsindical.com.ar\/notas\/wp-json\/wp\/v2\/comments?post=92504"}],"version-history":[{"count":1,"href":"https:\/\/www.elsindical.com.ar\/notas\/wp-json\/wp\/v2\/posts\/92504\/revisions"}],"predecessor-version":[{"id":92507,"href":"https:\/\/www.elsindical.com.ar\/notas\/wp-json\/wp\/v2\/posts\/92504\/revisions\/92507"}],"wp:featuredmedia":[{"embeddable":true,"href":"https:\/\/www.elsindical.com.ar\/notas\/wp-json\/wp\/v2\/media\/92505"}],"wp:attachment":[{"href":"https:\/\/www.elsindical.com.ar\/notas\/wp-json\/wp\/v2\/media?parent=92504"}],"wp:term":[{"taxonomy":"category","embeddable":true,"href":"https:\/\/www.elsindical.com.ar\/notas\/wp-json\/wp\/v2\/categories?post=92504"},{"taxonomy":"post_tag","embeddable":true,"href":"https:\/\/www.elsindical.com.ar\/notas\/wp-json\/wp\/v2\/tags?post=92504"}],"curies":[{"name":"wp","href":"https:\/\/api.w.org\/{rel}","templated":true}]}}