{"id":92481,"date":"2020-01-10T08:11:08","date_gmt":"2020-01-10T11:11:08","guid":{"rendered":"http:\/\/www.elsindical.com.ar\/notas\/?p=92481"},"modified":"2020-01-10T08:11:08","modified_gmt":"2020-01-10T11:11:08","slug":"defensoria-del-pueblo-de-avellaneda-mucho-ruido-y-pocas-nueces","status":"publish","type":"post","link":"https:\/\/www.elsindical.com.ar\/notas\/defensoria-del-pueblo-de-avellaneda-mucho-ruido-y-pocas-nueces\/","title":{"rendered":"Defensor\u00eda del Pueblo de Avellaneda, mucho ruido y pocas nueces"},"content":{"rendered":"\n<figure class=\"wp-block-image size-large\"><img loading=\"lazy\" decoding=\"async\" width=\"800\" height=\"600\" src=\"http:\/\/www.elsindical.com.ar\/notas\/var\/www\/html\/notas\/wp-content\/uploads\/2020\/01\/loco-Garc\u00eda.jpg\" alt=\"\" class=\"wp-image-92482\" srcset=\"https:\/\/www.elsindical.com.ar\/notas\/var\/www\/html\/notas\/wp-content\/uploads\/2020\/01\/loco-Garc\u00eda.jpg 800w, https:\/\/www.elsindical.com.ar\/notas\/var\/www\/html\/notas\/wp-content\/uploads\/2020\/01\/loco-Garc\u00eda-300x225.jpg 300w, https:\/\/www.elsindical.com.ar\/notas\/var\/www\/html\/notas\/wp-content\/uploads\/2020\/01\/loco-Garc\u00eda-768x576.jpg 768w, https:\/\/www.elsindical.com.ar\/notas\/var\/www\/html\/notas\/wp-content\/uploads\/2020\/01\/loco-Garc\u00eda-400x300.jpg 400w\" sizes=\"auto, (max-width: 800px) 100vw, 800px\" \/><\/figure>\n\n\n\n<p>  Apelando al concepto de que solo vale lo que se muestra, la Defensor\u00eda del Pueblo de Avellaneda, que hoy tiene a 3 \u00abdefensores\u00bb que de derecho entienden y tienen poco, apelan a lo m\u00e1s sencillo hoy para los pol\u00edticos, la publicidad.<\/p>\n\n\n\n<p>Aprovechando la necesidad de varios medios locales, que por una magra pauta prestan sus sitios para cartelera de pol\u00edticos, la Defensor\u00eda del Pueblo de Avellaneda saca comunicados que dan pena, porque poco aportan a la problem\u00e1tica del Grooming y donde los breves conceptos publicados en el comunicado son rid\u00edculos en la forma que se han expresado, evidenciando que el autor del comunicado poco entiende al respecto.<\/p>\n\n\n\n<p>M\u00e1s a\u00fan, en su momento Mar\u00eda Laura Garibaldi se colg\u00f3 para cartonear prensa del esc\u00e1ndalo sexual con menores en el Club Independiente, pero en la pr\u00e1ctica poco hizo y aport\u00f3 la Defensor\u00eda del Pueblo de Avellaneda.<\/p>\n\n\n\n<p>Es una verg\u00fcenza que con 3 responsables la defensor\u00eda siga siendo un lugar sin relevancia para los vecinos y una \u00abcueva\u00bb para militantes pol\u00edticos.<\/p>\n\n\n\n<p>Por Marcelo Ricardo Hawrylciw<\/p>\n","protected":false},"excerpt":{"rendered":"<p>Apelando al concepto de que solo vale lo que se muestra, la Defensor\u00eda del Pueblo de Avellaneda, que hoy tiene a 3 \u00abdefensores\u00bb que de derecho entienden y tienen poco, apelan a lo m\u00e1s sencillo hoy para los pol\u00edticos, la publicidad. Aprovechando la necesidad de varios medios locales, que por una magra pauta prestan sus&hellip;<\/p>\n","protected":false},"author":1,"featured_media":92482,"comment_status":"open","ping_status":"open","sticky":false,"template":"","format":"standard","meta":{"footnotes":""},"categories":[10],"tags":[461,3516,12418,18600,17387,5388],"class_list":["post-92481","post","type-post","status-publish","format-standard","has-post-thumbnail","hentry","category-editorial","tag-avellaneda","tag-daniel-garcia","tag-defensores","tag-defensoria-del-pueblo-de-avellaneda","tag-grooming","tag-pautas"],"_links":{"self":[{"href":"https:\/\/www.elsindical.com.ar\/notas\/wp-json\/wp\/v2\/posts\/92481","targetHints":{"allow":["GET"]}}],"collection":[{"href":"https:\/\/www.elsindical.com.ar\/notas\/wp-json\/wp\/v2\/posts"}],"about":[{"href":"https:\/\/www.elsindical.com.ar\/notas\/wp-json\/wp\/v2\/types\/post"}],"author":[{"embeddable":true,"href":"https:\/\/www.elsindical.com.ar\/notas\/wp-json\/wp\/v2\/users\/1"}],"replies":[{"embeddable":true,"href":"https:\/\/www.elsindical.com.ar\/notas\/wp-json\/wp\/v2\/comments?post=92481"}],"version-history":[{"count":1,"href":"https:\/\/www.elsindical.com.ar\/notas\/wp-json\/wp\/v2\/posts\/92481\/revisions"}],"predecessor-version":[{"id":92483,"href":"https:\/\/www.elsindical.com.ar\/notas\/wp-json\/wp\/v2\/posts\/92481\/revisions\/92483"}],"wp:featuredmedia":[{"embeddable":true,"href":"https:\/\/www.elsindical.com.ar\/notas\/wp-json\/wp\/v2\/media\/92482"}],"wp:attachment":[{"href":"https:\/\/www.elsindical.com.ar\/notas\/wp-json\/wp\/v2\/media?parent=92481"}],"wp:term":[{"taxonomy":"category","embeddable":true,"href":"https:\/\/www.elsindical.com.ar\/notas\/wp-json\/wp\/v2\/categories?post=92481"},{"taxonomy":"post_tag","embeddable":true,"href":"https:\/\/www.elsindical.com.ar\/notas\/wp-json\/wp\/v2\/tags?post=92481"}],"curies":[{"name":"wp","href":"https:\/\/api.w.org\/{rel}","templated":true}]}}