{"id":92432,"date":"2020-01-08T00:00:05","date_gmt":"2020-01-08T03:00:05","guid":{"rendered":"http:\/\/www.elsindical.com.ar\/notas\/?p=92432"},"modified":"2020-01-08T00:00:05","modified_gmt":"2020-01-08T03:00:05","slug":"hallaron-mas-de-160-mil-vacunas-vencidas-en-un-deposito-de-la-plata","status":"publish","type":"post","link":"https:\/\/www.elsindical.com.ar\/notas\/hallaron-mas-de-160-mil-vacunas-vencidas-en-un-deposito-de-la-plata\/","title":{"rendered":"Hallaron m\u00e1s de 160 mil vacunas vencidas en un dep\u00f3sito de La Plata"},"content":{"rendered":"\n<figure class=\"wp-block-image size-large is-resized\"><img loading=\"lazy\" decoding=\"async\" src=\"http:\/\/www.elsindical.com.ar\/notas\/var\/www\/html\/notas\/wp-content\/uploads\/2020\/01\/Daniel-Gollan-1024x576.jpg\" alt=\"\" class=\"wp-image-92433\" width=\"588\" height=\"330\" srcset=\"https:\/\/www.elsindical.com.ar\/notas\/var\/www\/html\/notas\/wp-content\/uploads\/2020\/01\/Daniel-Gollan-1024x576.jpg 1024w, https:\/\/www.elsindical.com.ar\/notas\/var\/www\/html\/notas\/wp-content\/uploads\/2020\/01\/Daniel-Gollan-300x169.jpg 300w, https:\/\/www.elsindical.com.ar\/notas\/var\/www\/html\/notas\/wp-content\/uploads\/2020\/01\/Daniel-Gollan-768x432.jpg 768w, https:\/\/www.elsindical.com.ar\/notas\/var\/www\/html\/notas\/wp-content\/uploads\/2020\/01\/Daniel-Gollan-500x281.jpg 500w, https:\/\/www.elsindical.com.ar\/notas\/var\/www\/html\/notas\/wp-content\/uploads\/2020\/01\/Daniel-Gollan.jpg 1200w\" sizes=\"auto, (max-width: 588px) 100vw, 588px\" \/><\/figure>\n\n\n\n<p> Lo denunci\u00f3 el ministro de Salud  provincial, Daniel Goll\u00e1n. Entre las dosis para desechar hab\u00eda vacunas  contra la poliomelitis, la doble viral, la triple viral y contra la  hepatitis A y B. <\/p>\n\n\n\n<p> El ministro de Salud bonaerense, Daniel Goll\u00e1n,  denunci\u00f3 que se encontraron m\u00e1s de 160 mil dosis de vacunas vencidas en  un dep\u00f3sito de Melchor Romero en condiciones de ser \u201cdesechadas\u201d al no  haberse mantenido la cadena de fr\u00edo y calific\u00f3 como \u201cdesidia, desinter\u00e9s  absoluto lo hecho por el gobierno de Mar\u00eda Eugenia Vidal\u201d en este tema. <\/p>\n\n\n\n<p>El titular de la cartera de Salud revel\u00f3 el dato tras realizar una \nauditor\u00eda y detall\u00f3 que entre las dosis para desechar hab\u00eda vacunas \ncontra la&nbsp;poliomelitis, la doble viral (difteria y t\u00e9tanos), la triple \nviral (sarampi\u00f3n, paperas y rub\u00e9ola) y contra la hepatitis A y B. <\/p>\n\n\n\n<p>\u201cMientras no se vacunaba contra el sarampi\u00f3n  porque no hab\u00eda dosis, en el dep\u00f3sito de Melchor Romero hab\u00eda 162 mil  dosis de vacunas vencidas, que estaban para desechar, sin cadena de  fr\u00edo. En medio de la necesidad estaba el recurso y le desecharon\u201d,  afirm\u00f3 el funcionario. <\/p>\n\n\n\n<p>Goll\u00e1n anticip\u00f3 que se ampliar\u00e1 la auditor\u00eda para determinar las  responsabilidades de la ex gobernadora y de su antecesor,\u00a0Andr\u00e9s Scarsi.  <\/p>\n\n\n\n<p>Las nuevas autoridades de la cartera sanitaria bonaerense encontraron\n una orden de descarte con fecha 26 de diciembre de 2019, de 144.229 \ndosis de vacunas vencidas, con p\u00e9rdida de cadena de fr\u00edo o inutilizadas \npor congelamiento. Estas dosis se encontraban en la C\u00e1mara Central de la\n Provincia, ubicada en calle 174 entre 518 y 519 de la localidad de \nMelchor Romero, partido de La Plata. <\/p>\n\n\n\n<p>En paralelo, fueron descubiertas&nbsp;otras 16.700 dosis de vacunas \nantigripales, antipoliomiel\u00edticas y contra el sarampi\u00f3n vencidas o sin \nla correcta cadena de fr\u00edo, a punto de ser descartadas.<\/p>\n","protected":false},"excerpt":{"rendered":"<p>Lo denunci\u00f3 el ministro de Salud provincial, Daniel Goll\u00e1n. Entre las dosis para desechar hab\u00eda vacunas contra la poliomelitis, la doble viral, la triple viral y contra la hepatitis A y B. El ministro de Salud bonaerense, Daniel Goll\u00e1n, denunci\u00f3 que se encontraron m\u00e1s de 160 mil dosis de vacunas vencidas en un dep\u00f3sito de&hellip;<\/p>\n","protected":false},"author":1,"featured_media":92433,"comment_status":"open","ping_status":"open","sticky":false,"template":"","format":"standard","meta":{"footnotes":""},"categories":[23],"tags":[32183,22020,7265,8804,32182],"class_list":["post-92432","post","type-post","status-publish","format-standard","has-post-thumbnail","hentry","category-salud","tag-daniel-gollan","tag-denuncias","tag-maria-eugenia-vidal","tag-melchor-romero","tag-vacunas-vencidas"],"_links":{"self":[{"href":"https:\/\/www.elsindical.com.ar\/notas\/wp-json\/wp\/v2\/posts\/92432","targetHints":{"allow":["GET"]}}],"collection":[{"href":"https:\/\/www.elsindical.com.ar\/notas\/wp-json\/wp\/v2\/posts"}],"about":[{"href":"https:\/\/www.elsindical.com.ar\/notas\/wp-json\/wp\/v2\/types\/post"}],"author":[{"embeddable":true,"href":"https:\/\/www.elsindical.com.ar\/notas\/wp-json\/wp\/v2\/users\/1"}],"replies":[{"embeddable":true,"href":"https:\/\/www.elsindical.com.ar\/notas\/wp-json\/wp\/v2\/comments?post=92432"}],"version-history":[{"count":1,"href":"https:\/\/www.elsindical.com.ar\/notas\/wp-json\/wp\/v2\/posts\/92432\/revisions"}],"predecessor-version":[{"id":92434,"href":"https:\/\/www.elsindical.com.ar\/notas\/wp-json\/wp\/v2\/posts\/92432\/revisions\/92434"}],"wp:featuredmedia":[{"embeddable":true,"href":"https:\/\/www.elsindical.com.ar\/notas\/wp-json\/wp\/v2\/media\/92433"}],"wp:attachment":[{"href":"https:\/\/www.elsindical.com.ar\/notas\/wp-json\/wp\/v2\/media?parent=92432"}],"wp:term":[{"taxonomy":"category","embeddable":true,"href":"https:\/\/www.elsindical.com.ar\/notas\/wp-json\/wp\/v2\/categories?post=92432"},{"taxonomy":"post_tag","embeddable":true,"href":"https:\/\/www.elsindical.com.ar\/notas\/wp-json\/wp\/v2\/tags?post=92432"}],"curies":[{"name":"wp","href":"https:\/\/api.w.org\/{rel}","templated":true}]}}