{"id":92429,"date":"2020-01-07T23:54:16","date_gmt":"2020-01-08T02:54:16","guid":{"rendered":"http:\/\/www.elsindical.com.ar\/notas\/?p=92429"},"modified":"2020-01-07T23:54:16","modified_gmt":"2020-01-08T02:54:16","slug":"el-ministerio-de-educacion-y-el-pami-trabajan-en-una-propuesta-de-formacion-para-adultos-mayores","status":"publish","type":"post","link":"https:\/\/www.elsindical.com.ar\/notas\/el-ministerio-de-educacion-y-el-pami-trabajan-en-una-propuesta-de-formacion-para-adultos-mayores\/","title":{"rendered":"El Ministerio de Educaci\u00f3n y el PAMI trabajan en una propuesta de formaci\u00f3n para adultos mayores"},"content":{"rendered":"\n<figure class=\"wp-block-image size-large is-resized\"><img loading=\"lazy\" decoding=\"async\" src=\"http:\/\/www.elsindical.com.ar\/notas\/var\/www\/html\/notas\/wp-content\/uploads\/2020\/01\/49345114492_52dd4830e8_c.jpg\" alt=\"\" class=\"wp-image-92430\" width=\"593\" height=\"396\" srcset=\"https:\/\/www.elsindical.com.ar\/notas\/var\/www\/html\/notas\/wp-content\/uploads\/2020\/01\/49345114492_52dd4830e8_c.jpg 799w, https:\/\/www.elsindical.com.ar\/notas\/var\/www\/html\/notas\/wp-content\/uploads\/2020\/01\/49345114492_52dd4830e8_c-300x201.jpg 300w, https:\/\/www.elsindical.com.ar\/notas\/var\/www\/html\/notas\/wp-content\/uploads\/2020\/01\/49345114492_52dd4830e8_c-768x513.jpg 768w, https:\/\/www.elsindical.com.ar\/notas\/var\/www\/html\/notas\/wp-content\/uploads\/2020\/01\/49345114492_52dd4830e8_c-449x300.jpg 449w\" sizes=\"auto, (max-width: 593px) 100vw, 593px\" \/><\/figure>\n\n\n\n<p> El ministro de Educaci\u00f3n de la Naci\u00f3n, <strong>Nicol\u00e1s Trotta<\/strong> se reuni\u00f3 con la directora ejecutiva del Programa de Atenci\u00f3n M\u00e9dica Integral (PAMI), <strong>Luana Volnovich<\/strong> en el Palacio Sarmiento. <\/p>\n\n\n\n<p>En  el encuentro avanzaron en la planificaci\u00f3n de una agenda conjunta  vinculada a la formaci\u00f3n y capacitaci\u00f3n, la relaci\u00f3n con las  Universidades Nacionales y el Plan Nacional de Lecturas.  <\/p>\n","protected":false},"excerpt":{"rendered":"<p>El ministro de Educaci\u00f3n de la Naci\u00f3n, Nicol\u00e1s Trotta se reuni\u00f3 con la directora ejecutiva del Programa de Atenci\u00f3n M\u00e9dica Integral (PAMI), Luana Volnovich en el Palacio Sarmiento. En el encuentro avanzaron en la planificaci\u00f3n de una agenda conjunta vinculada a la formaci\u00f3n y capacitaci\u00f3n, la relaci\u00f3n con las Universidades Nacionales y el Plan Nacional&hellip;<\/p>\n","protected":false},"author":1,"featured_media":92430,"comment_status":"open","ping_status":"open","sticky":false,"template":"","format":"standard","meta":{"footnotes":""},"categories":[13],"tags":[29861,32181,32008,3582],"class_list":["post-92429","post","type-post","status-publish","format-standard","has-post-thumbnail","hentry","category-politica","tag-adultos-mayores","tag-luana-volnovich","tag-nicolas-trotta","tag-pami"],"_links":{"self":[{"href":"https:\/\/www.elsindical.com.ar\/notas\/wp-json\/wp\/v2\/posts\/92429","targetHints":{"allow":["GET"]}}],"collection":[{"href":"https:\/\/www.elsindical.com.ar\/notas\/wp-json\/wp\/v2\/posts"}],"about":[{"href":"https:\/\/www.elsindical.com.ar\/notas\/wp-json\/wp\/v2\/types\/post"}],"author":[{"embeddable":true,"href":"https:\/\/www.elsindical.com.ar\/notas\/wp-json\/wp\/v2\/users\/1"}],"replies":[{"embeddable":true,"href":"https:\/\/www.elsindical.com.ar\/notas\/wp-json\/wp\/v2\/comments?post=92429"}],"version-history":[{"count":1,"href":"https:\/\/www.elsindical.com.ar\/notas\/wp-json\/wp\/v2\/posts\/92429\/revisions"}],"predecessor-version":[{"id":92431,"href":"https:\/\/www.elsindical.com.ar\/notas\/wp-json\/wp\/v2\/posts\/92429\/revisions\/92431"}],"wp:featuredmedia":[{"embeddable":true,"href":"https:\/\/www.elsindical.com.ar\/notas\/wp-json\/wp\/v2\/media\/92430"}],"wp:attachment":[{"href":"https:\/\/www.elsindical.com.ar\/notas\/wp-json\/wp\/v2\/media?parent=92429"}],"wp:term":[{"taxonomy":"category","embeddable":true,"href":"https:\/\/www.elsindical.com.ar\/notas\/wp-json\/wp\/v2\/categories?post=92429"},{"taxonomy":"post_tag","embeddable":true,"href":"https:\/\/www.elsindical.com.ar\/notas\/wp-json\/wp\/v2\/tags?post=92429"}],"curies":[{"name":"wp","href":"https:\/\/api.w.org\/{rel}","templated":true}]}}