{"id":92419,"date":"2020-01-07T14:10:59","date_gmt":"2020-01-07T17:10:59","guid":{"rendered":"http:\/\/www.elsindical.com.ar\/notas\/?p=92419"},"modified":"2020-01-07T14:10:59","modified_gmt":"2020-01-07T17:10:59","slug":"fernando-landaburu-hunde-a-la-ucr-en-el-ridiculo","status":"publish","type":"post","link":"https:\/\/www.elsindical.com.ar\/notas\/fernando-landaburu-hunde-a-la-ucr-en-el-ridiculo\/","title":{"rendered":"Fernando Landaburu hunde a la UCR en el rid\u00edculo"},"content":{"rendered":"\n<figure class=\"wp-block-image size-large is-resized\"><img loading=\"lazy\" decoding=\"async\" src=\"http:\/\/www.elsindical.com.ar\/notas\/var\/www\/html\/notas\/wp-content\/uploads\/2020\/01\/Landaburu-protesta-por-incidentes-Venezuela.jpg\" alt=\"\" class=\"wp-image-92420\" width=\"593\" height=\"445\" srcset=\"https:\/\/www.elsindical.com.ar\/notas\/var\/www\/html\/notas\/wp-content\/uploads\/2020\/01\/Landaburu-protesta-por-incidentes-Venezuela.jpg 720w, https:\/\/www.elsindical.com.ar\/notas\/var\/www\/html\/notas\/wp-content\/uploads\/2020\/01\/Landaburu-protesta-por-incidentes-Venezuela-300x225.jpg 300w, https:\/\/www.elsindical.com.ar\/notas\/var\/www\/html\/notas\/wp-content\/uploads\/2020\/01\/Landaburu-protesta-por-incidentes-Venezuela-400x300.jpg 400w\" sizes=\"auto, (max-width: 593px) 100vw, 593px\" \/><\/figure>\n\n\n\n<p class=\"wp-block-paragraph\">  Presidir un partido con una historia centenaria no es para cualquiera, a\u00fan cuando se trate de una presidencia local como es el caso de Fernando Landaburu en Avellaneda.<\/p>\n\n\n\n<p class=\"wp-block-paragraph\">Para representar afiliados y un espacio pol\u00edtico hay que tener criterio y ser equilibrado, algo que en la UCR local hace mucho no tienen, los ejemplos de representantes de la UCR rid\u00edculos abundan, por el HCD de Avellaneda han pasado personajes para el olvido, el Defensor del Pueblo Adjunto de Avellaneda, Rodrigo Galetovich es un buen ejemplo del \u00abpersonaje\u00bb que tiene un discurso y en la pr\u00e1ctica sus acciones van por otro camino.<\/p>\n\n\n\n<p class=\"wp-block-paragraph\">Nadie puede negar que la situaci\u00f3n pol\u00edtica y de gobernabilidad en muchos pa\u00edses es delicada, raz\u00f3n de m\u00e1s para no intentar hacer puestas en escena rid\u00edculas y menos en representaci\u00f3n de los afiliados locales a la UCR.<\/p>\n\n\n\n<p class=\"wp-block-paragraph\">La fracasada convocatoria de Landaburu a repudiar los \u00faltimos incidentes en Venezuela, dejan en evidencia que su exigencia al gobierno nacional de tomar una definici\u00f3n pol\u00edtica, carecen de seriedad y equilibrio, porque repudiar las denuncias de que no se permiti\u00f3 el ingreso de la oposici\u00f3n a votar, lo que est\u00e1 MAL, es similar a lo ocurrido en Bolivia y que termin\u00f3 con una elecci\u00f3n sospechosa de la presidente actual.<\/p>\n\n\n\n<p class=\"wp-block-paragraph\">Si como se jactan y se definen los radicales, son los GUARDIANES DE LA DEMOCRACIA, algo que la historia los desmiente, se deber\u00eda haber repudiado los sucesos de Bolivia, cosa que no se hizo y peor a\u00fan Gerardo Morales est\u00e1 denunciado de haber colaborado con los que se revelaron contra Evo Morales.<\/p>\n\n\n\n<p class=\"wp-block-paragraph\">Hay mucho por hacer y trabajar por los vecinos de Avellaneda, Fernando Landaburu parece que solo act\u00faa cuando le bajan l\u00ednea o en reclamos poco comprometidos y que en nada benefician al conjunto de los vecinos, es hora de dejarse de vivir en la pavada y ser responsable, porque usted representa a sus votantes y mala imagen est\u00e1 dejando de ellos y de su capacidad para votar con inteligencia.<\/p>\n\n\n\n<p class=\"wp-block-paragraph\">Por Marcelo Ricardo Hawrylciw<\/p>\n","protected":false},"excerpt":{"rendered":"<p>Presidir un partido con una historia centenaria no es para cualquiera, a\u00fan cuando se trate de una presidencia local como es el caso de Fernando Landaburu en Avellaneda. Para representar afiliados y un espacio pol\u00edtico hay que tener criterio y ser equilibrado, algo que en la UCR local hace mucho no tienen, los ejemplos de&hellip;<\/p>\n","protected":false},"author":1,"featured_media":92420,"comment_status":"open","ping_status":"open","sticky":false,"template":"","format":"standard","meta":{"footnotes":""},"categories":[10],"tags":[1141,1091,21713,16587,2152],"class_list":["post-92419","post","type-post","status-publish","format-standard","has-post-thumbnail","hentry","category-editorial","tag-bolivia","tag-democracia","tag-fernando-landaburu","tag-hcd","tag-venezuela"],"_links":{"self":[{"href":"https:\/\/www.elsindical.com.ar\/notas\/wp-json\/wp\/v2\/posts\/92419","targetHints":{"allow":["GET"]}}],"collection":[{"href":"https:\/\/www.elsindical.com.ar\/notas\/wp-json\/wp\/v2\/posts"}],"about":[{"href":"https:\/\/www.elsindical.com.ar\/notas\/wp-json\/wp\/v2\/types\/post"}],"author":[{"embeddable":true,"href":"https:\/\/www.elsindical.com.ar\/notas\/wp-json\/wp\/v2\/users\/1"}],"replies":[{"embeddable":true,"href":"https:\/\/www.elsindical.com.ar\/notas\/wp-json\/wp\/v2\/comments?post=92419"}],"version-history":[{"count":1,"href":"https:\/\/www.elsindical.com.ar\/notas\/wp-json\/wp\/v2\/posts\/92419\/revisions"}],"predecessor-version":[{"id":92421,"href":"https:\/\/www.elsindical.com.ar\/notas\/wp-json\/wp\/v2\/posts\/92419\/revisions\/92421"}],"wp:featuredmedia":[{"embeddable":true,"href":"https:\/\/www.elsindical.com.ar\/notas\/wp-json\/wp\/v2\/media\/92420"}],"wp:attachment":[{"href":"https:\/\/www.elsindical.com.ar\/notas\/wp-json\/wp\/v2\/media?parent=92419"}],"wp:term":[{"taxonomy":"category","embeddable":true,"href":"https:\/\/www.elsindical.com.ar\/notas\/wp-json\/wp\/v2\/categories?post=92419"},{"taxonomy":"post_tag","embeddable":true,"href":"https:\/\/www.elsindical.com.ar\/notas\/wp-json\/wp\/v2\/tags?post=92419"}],"curies":[{"name":"wp","href":"https:\/\/api.w.org\/{rel}","templated":true}]}}