{"id":9240,"date":"2010-09-05T09:53:49","date_gmt":"2010-09-05T12:53:49","guid":{"rendered":"http:\/\/www.elsindical.com.ar\/notas\/?p=9240"},"modified":"2010-09-05T09:53:49","modified_gmt":"2010-09-05T12:53:49","slug":"efemeridesdel-dia-5-de-septiembre","status":"publish","type":"post","link":"https:\/\/www.elsindical.com.ar\/notas\/efemeridesdel-dia-5-de-septiembre\/","title":{"rendered":"EFEM\u00c9RIDES:DEL D\u00cdA 5 DE SEPTIEMBRE"},"content":{"rendered":"<p style=\"text-align: justify;\"><a href=\"http:\/\/www.elsindical.com.ar\/notas\/var\/www\/html\/notas\/wp-content\/uploads\/2010\/09\/Septiembre-Negro.jpg\"><img loading=\"lazy\" decoding=\"async\" class=\"alignleft size-medium wp-image-9241\" title=\"Septiembre-Negro\" src=\"http:\/\/www.elsindical.com.ar\/notas\/var\/www\/html\/notas\/wp-content\/uploads\/2010\/09\/Septiembre-Negro-300x175.jpg\" alt=\"\" width=\"300\" height=\"175\" srcset=\"https:\/\/www.elsindical.com.ar\/notas\/var\/www\/html\/notas\/wp-content\/uploads\/2010\/09\/Septiembre-Negro-300x175.jpg 300w, https:\/\/www.elsindical.com.ar\/notas\/var\/www\/html\/notas\/wp-content\/uploads\/2010\/09\/Septiembre-Negro.jpg 413w\" sizes=\"auto, (max-width: 300px) 100vw, 300px\" \/><\/a>En un 5 de septiembre, pero 1972, un comando palestino asalta las habitaciones de los atletas israel\u00edes que participan en la Olimpiada de Munich, una acci\u00f3n que concluy\u00f3 con la muerte de once atletas israel\u00edes y cinco guerrilleros de \u00abSeptiembre Negro\u00bb.<\/p>\n<p>1567- El duque de Alba crea en Flandes el Tribunal de los Tumultos o de la Sangre.<\/p>\n<p style=\"text-align: justify;\">1638- Nace Luis XIV de Francia, el \u00abRey Sol\u00bb.<\/p>\n<p style=\"text-align: justify;\">1717- El rey Jorge I de Inglaterra sella proclama el perd\u00f3n de piratas, contrabandistas y aventureros arrepentidos.<\/p>\n<p style=\"text-align: justify;\">1800- Conquista de Malta por el almirante ingl\u00e9s Nelson.<\/p>\n<p style=\"text-align: justify;\">1839- Comienza la primera \u00abguerra del opio\u00bb en China para contener la corrupci\u00f3n f\u00edsica y moral del pa\u00eds a causa de esa droga.<\/p>\n<p style=\"text-align: justify;\">1857- Muere Auguste Comte, fil\u00f3sofo franc\u00e9s.<\/p>\n<p style=\"text-align: justify;\">1910- Marie Curie y Andr\u00e9 Debierne informan a la Academia de Ciencias sobre su preparado de radio en estado met\u00e1lico.<\/p>\n<p style=\"text-align: justify;\">1914- Nace Nicanor Parra, poeta chileno.<\/p>\n<p style=\"text-align: justify;\">1920- Alvaro Obreg\u00f3n es elegido presidente de M\u00e9xico. Impuls\u00f3 la expropiaci\u00f3n y el reparto de tierras.<\/p>\n<p style=\"text-align: justify;\">1921- Inauguraci\u00f3n en Buenos Aires del Teatro Cervantes.<\/p>\n<p style=\"text-align: justify;\">1929- El jefe del Gobierno franc\u00e9s, Ar\u00edstide Briand, propone a la Sociedad de Naciones la constituci\u00f3n de los Estados Unidos de Europa.<\/p>\n<p style=\"text-align: justify;\">1936- La estadounidense Beryl Markham sobrevuela en solitario el Atl\u00e1ntico en direcci\u00f3n este-oeste, primera mujer que lo consigue.<\/p>\n<p style=\"text-align: justify;\">1940- Nace Raquel Welch, actriz estadounidense.<\/p>\n<p style=\"text-align: justify;\">1942- Los aliados bombardean El Havre y Bremen, en la II Guerra Mundial.<\/p>\n<p style=\"text-align: justify;\">1944- Firma del tratado de constituci\u00f3n del Benelux (B\u00e9lgica, Holanda y Luxemburgo).<\/p>\n<p style=\"text-align: justify;\">1945- El emperador Hiro Hito inaugura el Parlamento del Jap\u00f3n.<\/p>\n<p style=\"text-align: justify;\">1951- El emir Talal ibn Abdul\u00e1 es proclamado rey de Jordania.<\/p>\n<p style=\"text-align: justify;\">&#8211; M\u00e9xico termina el proceso de nacionalizaci\u00f3n del petr\u00f3leo con la compra de la compa\u00f1\u00eda estadounidense \u00abCharro\u00bb.<\/p>\n<p style=\"text-align: justify;\">1957- En Cienfuegos (Cuba), 200 marinos y numerosos civiles simpatizantes con el Movimiento 26 de Julio se sublevan contra Fulgencio Batista, pero son reducidos por fuerzas gubernamentales, que ejecutaron a m\u00e1s de 600 personas.<\/p>\n<p style=\"text-align: justify;\">1960- El poeta Leopoldo Sedar Senghor es elegido presidente de Senegal.<\/p>\n<p style=\"text-align: justify;\">1961- Representantes de 24 pa\u00edses se re\u00fanen en Belgrado para celebrar la primera conferencia de los Pa\u00edses no Alineados.<\/p>\n<p style=\"text-align: justify;\">1965- Nace C\u00e9sar Rinc\u00f3n, torero colombiano.<\/p>\n<p style=\"text-align: justify;\">1977- EEUU lanza la sonda espacial \u00abVoyager I\u00bb para observar J\u00fapiter y Saturno.<\/p>\n<p style=\"text-align: justify;\">1981- Inaugurado el I Congreso del sindicato polaco Solidaridad, en el que Lech Walesa es confirmado presidente.<\/p>\n<p style=\"text-align: justify;\">1986- El poeta y ensayista mexicano Octavio Paz es distinguido con la Gran Cruz de la Orden de Alfonso X el Sabio por el Gobierno espa\u00f1ol.<\/p>\n<p style=\"text-align: justify;\">&#8211; Diecisiete muertos y m\u00e1s de cien heridos en el asalto por el Ej\u00e9rcito paquistan\u00ed a un avi\u00f3n de la Pan American, secuestrado en Karachi por un comando que ped\u00eda la libertad de terroristas \u00e1rabes.<\/p>\n<p style=\"text-align: justify;\">1991- Tras aprobar la primera declaraci\u00f3n de derechos humanos y libertades en la URSS y dar paso a la Uni\u00f3n de Estados Soberanos, se autodisuelve el Congreso de Diputados Populares de la Uni\u00f3n Sovi\u00e9tica.<\/p>\n<p style=\"text-align: justify;\">1997- Muere Teresa de Calcuta, religiosa nacida en Albania, Premio Nobel de la Paz 1979.<\/p>\n<p style=\"text-align: justify;\">&#8211; Muere George Solti, director de orquesta, brit\u00e1nico de origen h\u00fangaro.<\/p>\n<p style=\"text-align: justify;\">1999- Un atentado de la guerrilla isl\u00e1mica a un edificio militar ruso causa treinta muertos en Daguest\u00e1n.<\/p>\n<p style=\"text-align: justify;\">2002- El presidente de Afganist\u00e1n, Hamid Karzai, sale ileso de un atentado en la ciudad de Kandahar.<\/p>\n<p style=\"text-align: justify;\">2004- El ex presidente costarricense, Rafael Angel Calder\u00f3n, abandona el oficialista Partido Unidad Social Cristiana mientras se investiga su participaci\u00f3n en un esc\u00e1ndalo por corrupci\u00f3n.<\/p>\n<p style=\"text-align: justify;\">2006- El Tribunal Electoral proclama a Felipe Calder\u00f3n presidente electo de M\u00e9xico. L\u00f3pez Obrador rechaza el fallo por supuesto fraude electoral.<\/p>\n<p style=\"text-align: justify;\">2007- Tres muertos y 38.000 damnificados como consecuencia del paso del hurac\u00e1n \u00abF\u00e9lix\u00bb por Nicaragua.<\/p>\n","protected":false},"excerpt":{"rendered":"<p>En un 5 de septiembre, pero 1972, un comando palestino asalta las habitaciones de los atletas israel\u00edes que participan en la Olimpiada de Munich, una acci\u00f3n que concluy\u00f3 con la muerte de once atletas israel\u00edes y cinco guerrilleros de \u00abSeptiembre Negro\u00bb. 1567- El duque de Alba crea en Flandes el Tribunal de los Tumultos o&hellip;<\/p>\n","protected":false},"author":1,"featured_media":0,"comment_status":"open","ping_status":"open","sticky":false,"template":"","format":"standard","meta":{"footnotes":""},"categories":[14],"tags":[],"class_list":["post-9240","post","type-post","status-publish","format-standard","hentry","category-efemerides"],"_links":{"self":[{"href":"https:\/\/www.elsindical.com.ar\/notas\/wp-json\/wp\/v2\/posts\/9240","targetHints":{"allow":["GET"]}}],"collection":[{"href":"https:\/\/www.elsindical.com.ar\/notas\/wp-json\/wp\/v2\/posts"}],"about":[{"href":"https:\/\/www.elsindical.com.ar\/notas\/wp-json\/wp\/v2\/types\/post"}],"author":[{"embeddable":true,"href":"https:\/\/www.elsindical.com.ar\/notas\/wp-json\/wp\/v2\/users\/1"}],"replies":[{"embeddable":true,"href":"https:\/\/www.elsindical.com.ar\/notas\/wp-json\/wp\/v2\/comments?post=9240"}],"version-history":[{"count":1,"href":"https:\/\/www.elsindical.com.ar\/notas\/wp-json\/wp\/v2\/posts\/9240\/revisions"}],"predecessor-version":[{"id":9242,"href":"https:\/\/www.elsindical.com.ar\/notas\/wp-json\/wp\/v2\/posts\/9240\/revisions\/9242"}],"wp:attachment":[{"href":"https:\/\/www.elsindical.com.ar\/notas\/wp-json\/wp\/v2\/media?parent=9240"}],"wp:term":[{"taxonomy":"category","embeddable":true,"href":"https:\/\/www.elsindical.com.ar\/notas\/wp-json\/wp\/v2\/categories?post=9240"},{"taxonomy":"post_tag","embeddable":true,"href":"https:\/\/www.elsindical.com.ar\/notas\/wp-json\/wp\/v2\/tags?post=9240"}],"curies":[{"name":"wp","href":"https:\/\/api.w.org\/{rel}","templated":true}]}}