{"id":92394,"date":"2020-01-06T17:16:50","date_gmt":"2020-01-06T20:16:50","guid":{"rendered":"http:\/\/www.elsindical.com.ar\/notas\/?p=92394"},"modified":"2020-01-06T17:16:50","modified_gmt":"2020-01-06T20:16:50","slug":"empresarios-piden-paritarias-diferenciales-por-region-tamano-y-tipo-de-empresa","status":"publish","type":"post","link":"https:\/\/www.elsindical.com.ar\/notas\/empresarios-piden-paritarias-diferenciales-por-region-tamano-y-tipo-de-empresa\/","title":{"rendered":"Empresarios piden paritarias \u00abdiferenciales por regi\u00f3n, tama\u00f1o y tipo de empresa\u00bb"},"content":{"rendered":"\n<figure class=\"wp-block-image size-large\"><img loading=\"lazy\" decoding=\"async\" width=\"1024\" height=\"576\" src=\"http:\/\/www.elsindical.com.ar\/notas\/var\/www\/html\/notas\/wp-content\/uploads\/2020\/01\/reuni\u00f3n-CAME-1024x576.jpg\" alt=\"\" class=\"wp-image-92395\" srcset=\"https:\/\/www.elsindical.com.ar\/notas\/var\/www\/html\/notas\/wp-content\/uploads\/2020\/01\/reuni\u00f3n-CAME-1024x576.jpg 1024w, https:\/\/www.elsindical.com.ar\/notas\/var\/www\/html\/notas\/wp-content\/uploads\/2020\/01\/reuni\u00f3n-CAME-300x169.jpg 300w, https:\/\/www.elsindical.com.ar\/notas\/var\/www\/html\/notas\/wp-content\/uploads\/2020\/01\/reuni\u00f3n-CAME-768x432.jpg 768w, https:\/\/www.elsindical.com.ar\/notas\/var\/www\/html\/notas\/wp-content\/uploads\/2020\/01\/reuni\u00f3n-CAME-500x281.jpg 500w, https:\/\/www.elsindical.com.ar\/notas\/var\/www\/html\/notas\/wp-content\/uploads\/2020\/01\/reuni\u00f3n-CAME-460x260.jpg 460w, https:\/\/www.elsindical.com.ar\/notas\/var\/www\/html\/notas\/wp-content\/uploads\/2020\/01\/reuni\u00f3n-CAME.jpg 1032w\" sizes=\"auto, (max-width: 1024px) 100vw, 1024px\" \/><\/figure>\n\n\n\n<p>Empresarios piden paritarias \u00abdiferenciales por regi\u00f3n, tama\u00f1o y tipo de empresa\u00bb.<\/p>\n\n\n\n<p>La Confederaci\u00f3n Argentina de la  Mediana Empresa (CAME) se\u00f1al\u00f3 que, a su criterio, se necesita \u00abuna  recomposici\u00f3n salarial\u00bb para la reactivaci\u00f3n del consumo, aunque  solicit\u00f3 que los aumentos sean \u00abdiferenciales por regi\u00f3n, tama\u00f1o y tipo  de empresa\u00bb.<\/p>\n\n\n\n<p><strong>\u00abCAME reconoce la \nnecesidad de una recomposici\u00f3n salarial, fundamental para que se \nreactive el consumo, aunque solicita que los aumentos sean diferenciales\n por regi\u00f3n, tama\u00f1o y tipo de empresa, porque hay sectores m\u00e1s afectados\n por la crisis\u00bb,<\/strong>&nbsp;indic\u00f3 la entidad empresaria en un comunicado.<\/p>\n\n\n\n<p>Seg\u00fan la organizaci\u00f3n patronal, en base a declaraciones de empresarios, la&nbsp;<strong>\u00abmayor\u00eda\n de las pymes estamos pagando dos cuotas del bono de 5 mil pesos -que \neran cinco cuotas de mil pesos- y ahora el decreto establece un \nincremento salarial de 3 mil pesos m\u00e1s y mil pesos extras en febrero, y a\n todo esto hay que sumarle tambi\u00e9n los compromisos anteriores de \nparitarias\u00bb.<\/strong>&nbsp;<\/p>\n\n\n\n<p>En este sentido, la CAME consider\u00f3 que \u00ablos incrementos determinados \npor el gobierno deber\u00edan ser absorbidos no s\u00f3lo para &#8216;futuras \nnegociaciones paritarias&#8217; sino tambi\u00e9n en las escalas vigentes atentos a\n la coyuntura actual, porque&nbsp;<strong>a las peque\u00f1as y medianas empresas \nles preocupa enfrentar m\u00e1s costos cuando ya la rentabilidad y \ncompetitividad est\u00e1n comprometidas desde hace meses\u00bb.<\/strong><\/p>\n\n\n\n<p>El Gobierno oficializ\u00f3 el s\u00e1bado el aumento de salarios de 4 mil \npesos para los trabajadores del sector privado, que ser\u00e1n a cuenta de \nfuturas paritarias, seg\u00fan el Decreto 14\/2020 publicado en el Bolet\u00edn \nOficial.<\/p>\n\n\n\n<p>Se dispone un incremento salarial m\u00ednimo y uniforme para todos los \ntrabajadores y trabajadoras en relaci\u00f3n de dependencia del sector \nprivado, que ascender\u00e1 a 3 mil pesos desde este mes y, a partir de \nfebrero, se deber\u00e1 adicionar a dicho incremento la suma de mil pesos.<\/p>\n","protected":false},"excerpt":{"rendered":"<p>Empresarios piden paritarias \u00abdiferenciales por regi\u00f3n, tama\u00f1o y tipo de empresa\u00bb. La Confederaci\u00f3n Argentina de la Mediana Empresa (CAME) se\u00f1al\u00f3 que, a su criterio, se necesita \u00abuna recomposici\u00f3n salarial\u00bb para la reactivaci\u00f3n del consumo, aunque solicit\u00f3 que los aumentos sean \u00abdiferenciales por regi\u00f3n, tama\u00f1o y tipo de empresa\u00bb. \u00abCAME reconoce la necesidad de una recomposici\u00f3n&hellip;<\/p>\n","protected":false},"author":1,"featured_media":92395,"comment_status":"open","ping_status":"open","sticky":false,"template":"","format":"standard","meta":{"footnotes":""},"categories":[28],"tags":[7187,16877,803],"class_list":["post-92394","post","type-post","status-publish","format-standard","has-post-thumbnail","hentry","category-empresariales","tag-came","tag-pymes","tag-salarios"],"_links":{"self":[{"href":"https:\/\/www.elsindical.com.ar\/notas\/wp-json\/wp\/v2\/posts\/92394","targetHints":{"allow":["GET"]}}],"collection":[{"href":"https:\/\/www.elsindical.com.ar\/notas\/wp-json\/wp\/v2\/posts"}],"about":[{"href":"https:\/\/www.elsindical.com.ar\/notas\/wp-json\/wp\/v2\/types\/post"}],"author":[{"embeddable":true,"href":"https:\/\/www.elsindical.com.ar\/notas\/wp-json\/wp\/v2\/users\/1"}],"replies":[{"embeddable":true,"href":"https:\/\/www.elsindical.com.ar\/notas\/wp-json\/wp\/v2\/comments?post=92394"}],"version-history":[{"count":1,"href":"https:\/\/www.elsindical.com.ar\/notas\/wp-json\/wp\/v2\/posts\/92394\/revisions"}],"predecessor-version":[{"id":92396,"href":"https:\/\/www.elsindical.com.ar\/notas\/wp-json\/wp\/v2\/posts\/92394\/revisions\/92396"}],"wp:featuredmedia":[{"embeddable":true,"href":"https:\/\/www.elsindical.com.ar\/notas\/wp-json\/wp\/v2\/media\/92395"}],"wp:attachment":[{"href":"https:\/\/www.elsindical.com.ar\/notas\/wp-json\/wp\/v2\/media?parent=92394"}],"wp:term":[{"taxonomy":"category","embeddable":true,"href":"https:\/\/www.elsindical.com.ar\/notas\/wp-json\/wp\/v2\/categories?post=92394"},{"taxonomy":"post_tag","embeddable":true,"href":"https:\/\/www.elsindical.com.ar\/notas\/wp-json\/wp\/v2\/tags?post=92394"}],"curies":[{"name":"wp","href":"https:\/\/api.w.org\/{rel}","templated":true}]}}