{"id":92383,"date":"2020-01-06T11:17:45","date_gmt":"2020-01-06T14:17:45","guid":{"rendered":"http:\/\/www.elsindical.com.ar\/notas\/?p=92383"},"modified":"2020-01-06T11:17:45","modified_gmt":"2020-01-06T14:17:45","slug":"larreta-despidio-mas-de-medio-centenar-de-agentes-de-transito-que-reclamaron-mejores-condiciones-laborales","status":"publish","type":"post","link":"https:\/\/www.elsindical.com.ar\/notas\/larreta-despidio-mas-de-medio-centenar-de-agentes-de-transito-que-reclamaron-mejores-condiciones-laborales\/","title":{"rendered":"Larreta despidi\u00f3 m\u00e1s de medio centenar de agentes de tr\u00e1nsito que reclamaron mejores condiciones laborales"},"content":{"rendered":"\n<figure class=\"wp-block-image size-large\"><img loading=\"lazy\" decoding=\"async\" width=\"958\" height=\"573\" src=\"http:\/\/www.elsindical.com.ar\/notas\/var\/www\/html\/notas\/wp-content\/uploads\/2020\/01\/reclamo-agentes-de-tr\u00e1nsito-CABA.jpg\" alt=\"\" class=\"wp-image-92384\" srcset=\"https:\/\/www.elsindical.com.ar\/notas\/var\/www\/html\/notas\/wp-content\/uploads\/2020\/01\/reclamo-agentes-de-tr\u00e1nsito-CABA.jpg 958w, https:\/\/www.elsindical.com.ar\/notas\/var\/www\/html\/notas\/wp-content\/uploads\/2020\/01\/reclamo-agentes-de-tr\u00e1nsito-CABA-300x179.jpg 300w, https:\/\/www.elsindical.com.ar\/notas\/var\/www\/html\/notas\/wp-content\/uploads\/2020\/01\/reclamo-agentes-de-tr\u00e1nsito-CABA-768x459.jpg 768w, https:\/\/www.elsindical.com.ar\/notas\/var\/www\/html\/notas\/wp-content\/uploads\/2020\/01\/reclamo-agentes-de-tr\u00e1nsito-CABA-500x300.jpg 500w\" sizes=\"auto, (max-width: 958px) 100vw, 958px\" \/><\/figure>\n\n\n\n<p> Las cesant\u00edas se conocieron hoy y muchos  trabajadores se anoticiaron por tel\u00e9fono. Los despidos se enfocaron en  quienes encabezaron las protestas luego de la muerte de Cinthia Choque  que visibiliz\u00f3 un entramado de precarizaci\u00f3n laboral. <\/p>\n\n\n\n<p>En la jornada de hoy el Gobierno de la Ciudad de Buenos Aires que \nencabeza Horacio Rodr\u00edguez Larreta comenz\u00f3 una serie de despidos masivos\n entre los agentes de tr\u00e1nsito. Hasta el momento ya se cuentan m\u00e1s de \nmedio centenar de cesanteados, todos ellos quienes lideraron las \nprotestas por mejores condiciones laborales tras el accidente que se \nllev\u00f3 la vida de su compa\u00f1era Cinthia Choque.<\/p>\n\n\n\n<p>Por ello los \ntrabajadores se concentrar\u00e1n esta tarde en Per\u00fa y Avenida de Mayo, donde\n montar\u00e1n una carpa y realizar\u00e1n una conferencia de prensa para contar \nla situaci\u00f3n. Seg\u00fan pudo saber InfoGremiales, adem\u00e1s esperan recibir el \nrespaldo de referentes sociales, sindicales y de funcionarios como \nVictoria Donda, titular del INADI.<ins><ins><\/ins><\/ins><\/p>\n\n\n\n<p><strong>Choque, de 28 a\u00f1os y mam\u00e1 de dos chicas, muri\u00f3 en la intersecci\u00f3n de Figueroa Alcorta y Tagle,<\/strong>\n luego de ser atropellada por el periodista Eugenio Veppo, quien se \nencuentra imputado por homicidio simple con dolo eventual. De ser \nencontrado culpable, podr\u00eda recibir una condena de m\u00e1s de 20 a\u00f1os de \nc\u00e1rcel.<\/p>\n\n\n\n<p>El hecho contribuy\u00f3 a visibilizar <strong>los reclamos de \nlos agentes tr\u00e1nsito por mejores condiciones de trabajo. Seg\u00fan \ndenunciaron, el 80% de los empleados de tr\u00e1nsito en la calle son \nmonotributistas y cobran 22 mil pesos por siete horas de trabajo, cinco \nd\u00edas a la semana.<\/strong><\/p>\n\n\n\n<p>Se trata de un ej\u00e9rcito de casi 3 mil trabajadores que <strong>tampoco cuentan con ART, ni con seguro de vida al momento de ejercer sus labores.<\/strong><\/p>\n\n\n\n<p><strong>Tambi\u00e9n\n afirman que los uniformes que utilizan son de mala calidad y se sienten\n desprotegidos, al no estar acompa\u00f1ados por polic\u00edas.<\/strong><\/p>\n","protected":false},"excerpt":{"rendered":"<p>Las cesant\u00edas se conocieron hoy y muchos trabajadores se anoticiaron por tel\u00e9fono. Los despidos se enfocaron en quienes encabezaron las protestas luego de la muerte de Cinthia Choque que visibiliz\u00f3 un entramado de precarizaci\u00f3n laboral. En la jornada de hoy el Gobierno de la Ciudad de Buenos Aires que encabeza Horacio Rodr\u00edguez Larreta comenz\u00f3 una&hellip;<\/p>\n","protected":false},"author":1,"featured_media":92384,"comment_status":"open","ping_status":"open","sticky":false,"template":"","format":"standard","meta":{"footnotes":""},"categories":[13],"tags":[4284,31525,53,1943,763],"class_list":["post-92383","post","type-post","status-publish","format-standard","has-post-thumbnail","hentry","category-politica","tag-caba","tag-cinthia-choque","tag-despidos","tag-horacio-rodriguez-larreta","tag-inadi"],"_links":{"self":[{"href":"https:\/\/www.elsindical.com.ar\/notas\/wp-json\/wp\/v2\/posts\/92383","targetHints":{"allow":["GET"]}}],"collection":[{"href":"https:\/\/www.elsindical.com.ar\/notas\/wp-json\/wp\/v2\/posts"}],"about":[{"href":"https:\/\/www.elsindical.com.ar\/notas\/wp-json\/wp\/v2\/types\/post"}],"author":[{"embeddable":true,"href":"https:\/\/www.elsindical.com.ar\/notas\/wp-json\/wp\/v2\/users\/1"}],"replies":[{"embeddable":true,"href":"https:\/\/www.elsindical.com.ar\/notas\/wp-json\/wp\/v2\/comments?post=92383"}],"version-history":[{"count":1,"href":"https:\/\/www.elsindical.com.ar\/notas\/wp-json\/wp\/v2\/posts\/92383\/revisions"}],"predecessor-version":[{"id":92385,"href":"https:\/\/www.elsindical.com.ar\/notas\/wp-json\/wp\/v2\/posts\/92383\/revisions\/92385"}],"wp:featuredmedia":[{"embeddable":true,"href":"https:\/\/www.elsindical.com.ar\/notas\/wp-json\/wp\/v2\/media\/92384"}],"wp:attachment":[{"href":"https:\/\/www.elsindical.com.ar\/notas\/wp-json\/wp\/v2\/media?parent=92383"}],"wp:term":[{"taxonomy":"category","embeddable":true,"href":"https:\/\/www.elsindical.com.ar\/notas\/wp-json\/wp\/v2\/categories?post=92383"},{"taxonomy":"post_tag","embeddable":true,"href":"https:\/\/www.elsindical.com.ar\/notas\/wp-json\/wp\/v2\/tags?post=92383"}],"curies":[{"name":"wp","href":"https:\/\/api.w.org\/{rel}","templated":true}]}}