{"id":92370,"date":"2020-01-05T12:53:01","date_gmt":"2020-01-05T15:53:01","guid":{"rendered":"http:\/\/www.elsindical.com.ar\/notas\/?p=92370"},"modified":"2020-01-05T12:53:01","modified_gmt":"2020-01-05T15:53:01","slug":"alejo-chornobroff-sigue-generando-repudios","status":"publish","type":"post","link":"https:\/\/www.elsindical.com.ar\/notas\/alejo-chornobroff-sigue-generando-repudios\/","title":{"rendered":"Alejo Chornobroff sigue generando repudios"},"content":{"rendered":"\n<div class=\"wp-block-image\"><figure class=\"aligncenter size-large\"><img loading=\"lazy\" decoding=\"async\" width=\"503\" height=\"872\" src=\"http:\/\/www.elsindical.com.ar\/notas\/var\/www\/html\/notas\/wp-content\/uploads\/2020\/01\/publicaci\u00f3n-foro-Alejo.jpg\" alt=\"\" class=\"wp-image-92371\" srcset=\"https:\/\/www.elsindical.com.ar\/notas\/var\/www\/html\/notas\/wp-content\/uploads\/2020\/01\/publicaci\u00f3n-foro-Alejo.jpg 503w, https:\/\/www.elsindical.com.ar\/notas\/var\/www\/html\/notas\/wp-content\/uploads\/2020\/01\/publicaci\u00f3n-foro-Alejo-173x300.jpg 173w\" sizes=\"auto, (max-width: 503px) 100vw, 503px\" \/><\/figure><\/div>\n\n\n\n<p>  El joven Jefe de Gabinete del Municipio de Avellaneda, Alejo Chornobroff, sigue generando repudios en donde se publique alguna participaci\u00f3n pol\u00edtica, generando entre los lectores la sensaci\u00f3n de que el intendente Jorge Ferraresi \u00abpor algo protege\u00bb al funcionario multidenunciado.<\/p>\n\n\n\n<p>Sin que Alejo alguna vez haya explicado su situaci\u00f3n en cada una de las denuncias que recibi\u00f3 por parte de mujeres, algunas militantes y del propio espacio pol\u00edtico y otras que denunciaron acoso por parte del funcionario para acceder a asistencia por estar en situaci\u00f3n de vulnerabilidad.<\/p>\n\n\n\n<p>Es una gran contradicci\u00f3n la conducta de Ferraresi, de mantener a funcionarios que solo generan repudio entre la mayor\u00eda de los vecinos y que hasta propios critican, no solo por las denuncias sino por su evidente ineficiencia para los cargos que ocupan, vaya uno a saber.<\/p>\n","protected":false},"excerpt":{"rendered":"<p>El joven Jefe de Gabinete del Municipio de Avellaneda, Alejo Chornobroff, sigue generando repudios en donde se publique alguna participaci\u00f3n pol\u00edtica, generando entre los lectores la sensaci\u00f3n de que el intendente Jorge Ferraresi \u00abpor algo protege\u00bb al funcionario multidenunciado. Sin que Alejo alguna vez haya explicado su situaci\u00f3n en cada una de las denuncias que&hellip;<\/p>\n","protected":false},"author":1,"featured_media":92372,"comment_status":"open","ping_status":"open","sticky":false,"template":"","format":"standard","meta":{"footnotes":""},"categories":[10],"tags":[30014,461,22020,1062,2605],"class_list":["post-92370","post","type-post","status-publish","format-standard","has-post-thumbnail","hentry","category-editorial","tag-alejo-chornobroff","tag-avellaneda","tag-denuncias","tag-jorge-ferraresi","tag-redes-sociales"],"_links":{"self":[{"href":"https:\/\/www.elsindical.com.ar\/notas\/wp-json\/wp\/v2\/posts\/92370","targetHints":{"allow":["GET"]}}],"collection":[{"href":"https:\/\/www.elsindical.com.ar\/notas\/wp-json\/wp\/v2\/posts"}],"about":[{"href":"https:\/\/www.elsindical.com.ar\/notas\/wp-json\/wp\/v2\/types\/post"}],"author":[{"embeddable":true,"href":"https:\/\/www.elsindical.com.ar\/notas\/wp-json\/wp\/v2\/users\/1"}],"replies":[{"embeddable":true,"href":"https:\/\/www.elsindical.com.ar\/notas\/wp-json\/wp\/v2\/comments?post=92370"}],"version-history":[{"count":1,"href":"https:\/\/www.elsindical.com.ar\/notas\/wp-json\/wp\/v2\/posts\/92370\/revisions"}],"predecessor-version":[{"id":92373,"href":"https:\/\/www.elsindical.com.ar\/notas\/wp-json\/wp\/v2\/posts\/92370\/revisions\/92373"}],"wp:featuredmedia":[{"embeddable":true,"href":"https:\/\/www.elsindical.com.ar\/notas\/wp-json\/wp\/v2\/media\/92372"}],"wp:attachment":[{"href":"https:\/\/www.elsindical.com.ar\/notas\/wp-json\/wp\/v2\/media?parent=92370"}],"wp:term":[{"taxonomy":"category","embeddable":true,"href":"https:\/\/www.elsindical.com.ar\/notas\/wp-json\/wp\/v2\/categories?post=92370"},{"taxonomy":"post_tag","embeddable":true,"href":"https:\/\/www.elsindical.com.ar\/notas\/wp-json\/wp\/v2\/tags?post=92370"}],"curies":[{"name":"wp","href":"https:\/\/api.w.org\/{rel}","templated":true}]}}