{"id":92295,"date":"2020-01-01T11:27:26","date_gmt":"2020-01-01T14:27:26","guid":{"rendered":"http:\/\/www.elsindical.com.ar\/notas\/?p=92295"},"modified":"2020-01-01T11:27:26","modified_gmt":"2020-01-01T14:27:26","slug":"cordoba-apunalaron-a-la-hiena-barrios","status":"publish","type":"post","link":"https:\/\/www.elsindical.com.ar\/notas\/cordoba-apunalaron-a-la-hiena-barrios\/","title":{"rendered":"C\u00f3rdoba: Apu\u00f1alaron a la Hiena Barrios"},"content":{"rendered":"\n<figure class=\"wp-block-image size-large\"><img loading=\"lazy\" decoding=\"async\" width=\"1024\" height=\"626\" src=\"http:\/\/www.elsindical.com.ar\/notas\/var\/www\/html\/notas\/wp-content\/uploads\/2020\/01\/Hiena-Barrios-apu\u00f1alado-1024x626.jpg\" alt=\"\" class=\"wp-image-92296\" srcset=\"https:\/\/www.elsindical.com.ar\/notas\/var\/www\/html\/notas\/wp-content\/uploads\/2020\/01\/Hiena-Barrios-apu\u00f1alado-1024x626.jpg 1024w, https:\/\/www.elsindical.com.ar\/notas\/var\/www\/html\/notas\/wp-content\/uploads\/2020\/01\/Hiena-Barrios-apu\u00f1alado-300x183.jpg 300w, https:\/\/www.elsindical.com.ar\/notas\/var\/www\/html\/notas\/wp-content\/uploads\/2020\/01\/Hiena-Barrios-apu\u00f1alado-768x470.jpg 768w, https:\/\/www.elsindical.com.ar\/notas\/var\/www\/html\/notas\/wp-content\/uploads\/2020\/01\/Hiena-Barrios-apu\u00f1alado-491x300.jpg 491w, https:\/\/www.elsindical.com.ar\/notas\/var\/www\/html\/notas\/wp-content\/uploads\/2020\/01\/Hiena-Barrios-apu\u00f1alado.jpg 1068w\" sizes=\"auto, (max-width: 1024px) 100vw, 1024px\" \/><\/figure>\n\n\n\n<p> El boxeador fue  apu\u00f1alado y se encuentra internado, aunque sin riesgo de vida. \u00abNi en la  c\u00e1rcel le hab\u00eda sucedido algo similar\u201d, dijo. <\/p>\n\n\n\n<p><strong>Edith<\/strong>, hermana de <strong>Rodrigo<\/strong> \u00ab<strong>La Hiena\u00bb Barrios<\/strong>, se\u00f1al\u00f3 que el atacante, que ser\u00eda conocido del boxeador, <strong>le rob\u00f3 la billetera y los 20 mil pesos que llevaba encima.<\/strong><\/p>\n\n\n\n<p>\u00abEste chico (el agresor) es de Rinc\u00f3n, de Tigre. Supuestamente a \u00e9l \nlo conoce, pero nosotros no. Lo conocimos porque viajamos juntos en \nmicro. Rodrigo estaba sentado y este muchacho lo abraz\u00f3 y \u00e9l pens\u00f3 que \nera de cari\u00f1o. <strong>De repente sinti\u00f3 un golpe y se levant\u00f3. Ah\u00ed empez\u00f3 a emanar sangre y se dio cuenta que ten\u00eda muchos golpes con una cuchilla<\/strong>\u00ab, cont\u00f3 la mujer.<\/p>\n\n\n\n<p>\u201cMi hermano estaba muy asustado y es terrible porque \u00e9l estaba  escuchando tango en una fiesta de fin de a\u00f1o y este muchacho apareci\u00f3  as\u00ed, de la nada, despu\u00e9s de haber compartido todo el d\u00eda, y de repente  lo atac\u00f3 y le rob\u00f3 la billetera\u201d, describi\u00f3.<\/p>\n\n\n\n<p><strong>\u201cEsto fue un intento de asesinato, ni en la c\u00e1rcel le hab\u00eda sucedido algo similar\u201d<\/strong>, plante\u00f3 Edith.<\/p>\n\n\n\n<p>El sospechoso fue identificado como Enrique Ram\u00f3n Icardo, un hombre \nque efectivamente trabaja en una carnicer\u00eda y es oriundo de la localidad\n bonaerense de Tigre, igual que el boxeador.<\/p>\n","protected":false},"excerpt":{"rendered":"<p>El boxeador fue apu\u00f1alado y se encuentra internado, aunque sin riesgo de vida. \u00abNi en la c\u00e1rcel le hab\u00eda sucedido algo similar\u201d, dijo. Edith, hermana de Rodrigo \u00abLa Hiena\u00bb Barrios, se\u00f1al\u00f3 que el atacante, que ser\u00eda conocido del boxeador, le rob\u00f3 la billetera y los 20 mil pesos que llevaba encima. \u00abEste chico (el agresor)&hellip;<\/p>\n","protected":false},"author":1,"featured_media":92296,"comment_status":"open","ping_status":"open","sticky":false,"template":"","format":"standard","meta":{"footnotes":""},"categories":[22],"tags":[3300,153,11062,646],"class_list":["post-92295","post","type-post","status-publish","format-standard","has-post-thumbnail","hentry","category-policiales","tag-apunalado","tag-cordoba","tag-rodrigo-la-hiena-barrios","tag-tigre"],"_links":{"self":[{"href":"https:\/\/www.elsindical.com.ar\/notas\/wp-json\/wp\/v2\/posts\/92295","targetHints":{"allow":["GET"]}}],"collection":[{"href":"https:\/\/www.elsindical.com.ar\/notas\/wp-json\/wp\/v2\/posts"}],"about":[{"href":"https:\/\/www.elsindical.com.ar\/notas\/wp-json\/wp\/v2\/types\/post"}],"author":[{"embeddable":true,"href":"https:\/\/www.elsindical.com.ar\/notas\/wp-json\/wp\/v2\/users\/1"}],"replies":[{"embeddable":true,"href":"https:\/\/www.elsindical.com.ar\/notas\/wp-json\/wp\/v2\/comments?post=92295"}],"version-history":[{"count":1,"href":"https:\/\/www.elsindical.com.ar\/notas\/wp-json\/wp\/v2\/posts\/92295\/revisions"}],"predecessor-version":[{"id":92297,"href":"https:\/\/www.elsindical.com.ar\/notas\/wp-json\/wp\/v2\/posts\/92295\/revisions\/92297"}],"wp:featuredmedia":[{"embeddable":true,"href":"https:\/\/www.elsindical.com.ar\/notas\/wp-json\/wp\/v2\/media\/92296"}],"wp:attachment":[{"href":"https:\/\/www.elsindical.com.ar\/notas\/wp-json\/wp\/v2\/media?parent=92295"}],"wp:term":[{"taxonomy":"category","embeddable":true,"href":"https:\/\/www.elsindical.com.ar\/notas\/wp-json\/wp\/v2\/categories?post=92295"},{"taxonomy":"post_tag","embeddable":true,"href":"https:\/\/www.elsindical.com.ar\/notas\/wp-json\/wp\/v2\/tags?post=92295"}],"curies":[{"name":"wp","href":"https:\/\/api.w.org\/{rel}","templated":true}]}}