{"id":92250,"date":"2019-12-30T17:33:53","date_gmt":"2019-12-30T20:33:53","guid":{"rendered":"http:\/\/www.elsindical.com.ar\/notas\/?p=92250"},"modified":"2019-12-30T17:33:53","modified_gmt":"2019-12-30T20:33:53","slug":"ajb-nuevo-pedido-de-dialogo-al-gobernador","status":"publish","type":"post","link":"https:\/\/www.elsindical.com.ar\/notas\/ajb-nuevo-pedido-de-dialogo-al-gobernador\/","title":{"rendered":"AJB: Nuevo pedido de di\u00e1logo al gobernador"},"content":{"rendered":"\n<figure class=\"wp-block-image size-large\"><img loading=\"lazy\" decoding=\"async\" width=\"600\" height=\"271\" src=\"http:\/\/www.elsindical.com.ar\/notas\/var\/www\/html\/notas\/wp-content\/uploads\/2019\/12\/kisiloff-2.jpg\" alt=\"\" class=\"wp-image-92251\" srcset=\"https:\/\/www.elsindical.com.ar\/notas\/var\/www\/html\/notas\/wp-content\/uploads\/2019\/12\/kisiloff-2.jpg 600w, https:\/\/www.elsindical.com.ar\/notas\/var\/www\/html\/notas\/wp-content\/uploads\/2019\/12\/kisiloff-2-300x136.jpg 300w, https:\/\/www.elsindical.com.ar\/notas\/var\/www\/html\/notas\/wp-content\/uploads\/2019\/12\/kisiloff-2-500x226.jpg 500w\" sizes=\"auto, (max-width: 600px) 100vw, 600px\" \/><\/figure>\n\n\n\n<p><strong>La AJB reiter\u00f3 el reclamo al gobierno provincial para iniciar  el proceso de di\u00e1logo institucional y propuso comenzar la negociaci\u00f3n  paritaria durante el mes de enero.<\/strong><\/p>\n\n\n\n<p>La Asociaci\u00f3n Judicial Bonaerense reiter\u00f3, mediante una nueva \npresentaci\u00f3n realizada al gobernador Axel Kicillof, el pedido de \nentrevista con el objeto de abordar la dif\u00edcil situaci\u00f3n que atraviesan \nlos y las trabajadoras judiciales. Tambi\u00e9n el gremio judicial reclama la\n constituci\u00f3n del \u00e1mbito paritario para consensuar soluciones a la \nprofunda crisis en la que se encuentra el Poder Judicial luego de cuatro\n a\u00f1os de aplicaci\u00f3n de pol\u00edticas de ajuste estructural.<\/p>\n\n\n\n<p>En la presentaci\u00f3n se destaca que \u201cteniendo en cuenta la proximidad \nde la finalizaci\u00f3n del a\u00f1o, proponemos llevar adelante las reuniones que\n fueran necesarias durante el mes de enero, en la intenci\u00f3n de encontrar\n soluciones en conjunto a las cuestiones planteadas\u201d.<\/p>\n\n\n\n<p>El gremio judicial considera necesario y urgente encontrar una \nsoluci\u00f3n a la brecha existente entre los incrementos de haberes \ndispuestos unilateralmente por la ex gobernadora Vidal en el transcurso \nde 2019 y las proyecciones de inflaci\u00f3n para el a\u00f1o en curso \u2013brecha que\n superar\u00e1 ampliamente los veinte puntos porcentuales-, a lo que se suma \nel deterioro salarial producido en el a\u00f1o 2018 -15,6 puntos \nporcentuales- como consecuencia del cierre unilateral dispuesto por la \nanterior administraci\u00f3n.<\/p>\n","protected":false},"excerpt":{"rendered":"<p>La AJB reiter\u00f3 el reclamo al gobierno provincial para iniciar el proceso de di\u00e1logo institucional y propuso comenzar la negociaci\u00f3n paritaria durante el mes de enero. La Asociaci\u00f3n Judicial Bonaerense reiter\u00f3, mediante una nueva presentaci\u00f3n realizada al gobernador Axel Kicillof, el pedido de entrevista con el objeto de abordar la dif\u00edcil situaci\u00f3n que atraviesan los&hellip;<\/p>\n","protected":false},"author":1,"featured_media":92251,"comment_status":"open","ping_status":"open","sticky":false,"template":"","format":"standard","meta":{"footnotes":""},"categories":[16],"tags":[4626,13798,2107],"class_list":["post-92250","post","type-post","status-publish","format-standard","has-post-thumbnail","hentry","category-gremiales","tag-ajb","tag-axel-kicillof","tag-paritarias"],"_links":{"self":[{"href":"https:\/\/www.elsindical.com.ar\/notas\/wp-json\/wp\/v2\/posts\/92250","targetHints":{"allow":["GET"]}}],"collection":[{"href":"https:\/\/www.elsindical.com.ar\/notas\/wp-json\/wp\/v2\/posts"}],"about":[{"href":"https:\/\/www.elsindical.com.ar\/notas\/wp-json\/wp\/v2\/types\/post"}],"author":[{"embeddable":true,"href":"https:\/\/www.elsindical.com.ar\/notas\/wp-json\/wp\/v2\/users\/1"}],"replies":[{"embeddable":true,"href":"https:\/\/www.elsindical.com.ar\/notas\/wp-json\/wp\/v2\/comments?post=92250"}],"version-history":[{"count":1,"href":"https:\/\/www.elsindical.com.ar\/notas\/wp-json\/wp\/v2\/posts\/92250\/revisions"}],"predecessor-version":[{"id":92252,"href":"https:\/\/www.elsindical.com.ar\/notas\/wp-json\/wp\/v2\/posts\/92250\/revisions\/92252"}],"wp:featuredmedia":[{"embeddable":true,"href":"https:\/\/www.elsindical.com.ar\/notas\/wp-json\/wp\/v2\/media\/92251"}],"wp:attachment":[{"href":"https:\/\/www.elsindical.com.ar\/notas\/wp-json\/wp\/v2\/media?parent=92250"}],"wp:term":[{"taxonomy":"category","embeddable":true,"href":"https:\/\/www.elsindical.com.ar\/notas\/wp-json\/wp\/v2\/categories?post=92250"},{"taxonomy":"post_tag","embeddable":true,"href":"https:\/\/www.elsindical.com.ar\/notas\/wp-json\/wp\/v2\/tags?post=92250"}],"curies":[{"name":"wp","href":"https:\/\/api.w.org\/{rel}","templated":true}]}}