{"id":92247,"date":"2019-12-30T10:13:37","date_gmt":"2019-12-30T13:13:37","guid":{"rendered":"http:\/\/www.elsindical.com.ar\/notas\/?p=92247"},"modified":"2019-12-30T10:13:37","modified_gmt":"2019-12-30T13:13:37","slug":"quilmes-insultos-empujones-y-escandalo-durante-la-eleccion-en-los-bomberos-de-solano","status":"publish","type":"post","link":"https:\/\/www.elsindical.com.ar\/notas\/quilmes-insultos-empujones-y-escandalo-durante-la-eleccion-en-los-bomberos-de-solano\/","title":{"rendered":"Quilmes:  Insultos, empujones y esc\u00e1ndalo durante la elecci\u00f3n en los Bomberos de Solano"},"content":{"rendered":"\n<figure class=\"wp-block-image size-large\"><img loading=\"lazy\" decoding=\"async\" width=\"577\" height=\"433\" src=\"http:\/\/www.elsindical.com.ar\/notas\/var\/www\/html\/notas\/wp-content\/uploads\/2019\/12\/elecciones-Bomberos-de-Solano.jpg\" alt=\"\" class=\"wp-image-92248\" srcset=\"https:\/\/www.elsindical.com.ar\/notas\/var\/www\/html\/notas\/wp-content\/uploads\/2019\/12\/elecciones-Bomberos-de-Solano.jpg 577w, https:\/\/www.elsindical.com.ar\/notas\/var\/www\/html\/notas\/wp-content\/uploads\/2019\/12\/elecciones-Bomberos-de-Solano-300x225.jpg 300w, https:\/\/www.elsindical.com.ar\/notas\/var\/www\/html\/notas\/wp-content\/uploads\/2019\/12\/elecciones-Bomberos-de-Solano-400x300.jpg 400w\" sizes=\"auto, (max-width: 577px) 100vw, 577px\" \/><\/figure>\n\n\n\n<p>Se presentaban dos listas: Una encabezada por Eduardo Lena\nque buscaba su reelecci\u00f3n; y la otra, con Am\u00e9rico Castillo a la cabeza que\nintentaba volver a presidir la entidad que supo encabezar durante casi 30 a\u00f1os.<\/p>\n\n\n\n<p>Lena contaba con el apoyo del cuerpo activo de los\nbomberos de Solano compuesto por 93 voluntarios. Castillo, por su parte, lo\nhizo acompa\u00f1ado por varios dirigentes del peronismo de la zona (Marcelo Mallo,\nMiguel Torres, Jos\u00e9 Luis Contreras, Claudio Gonz\u00e1lez, entre otros) y el conocido\ncomerciante de la calle 844, Omar Diez.<\/p>\n\n\n\n<p>Hubo insultos, empujones, forcejeos y el retiro de la\nlista opositora de la asamblea que se realizaba en el cuartel central ubicado\nen la calle 893 a media cuadra de la Avenida 844. <\/p>\n\n\n\n<p>En plena asamblea, el cuerpo activo de Bomberos, con\nsu jefe a la cabeza, hizo uso de la palabra, y pregunt\u00f3: \u201cEs cierto que est\u00e1n pagando\npara votar, como reci\u00e9n le preguntaron a un bombero en la puerta?. Como bomberos\nque somos, que damos la cara todos los d\u00edas, aspiramos a que la elecci\u00f3n sea\nlimpia y que los que voten lo hagan por lo que creen y no porque les pagan\u201d.\nEsta intervenci\u00f3n gener\u00f3 un verdadero esc\u00e1ndalo ya que los dirigentes\nopositores se sintieron aludidos; y luego de m\u00e1s de media hora de empujones, insultos\ny trifulcas, Am\u00e9rico Castillo y su gente, decidieron retirarse y no participar\nde las elecciones. De la misma participaban dos veedores, uno por la Provincia\nde Buenos Aires y otro por el Municipio de Quilmes. Ambos consideraron que la asamblea\nestaba en condiciones de seguir y finalmente se termin\u00f3 de votar. El actual\npresidente Angel Lena, recibi\u00f3 170 votos; mientras que Castillo obtuvo 8 votos.\nLos opositores pedir\u00e1n oficialmente que la elecci\u00f3n se vuelva a realizar. Por su\nparte, el oficialismo, inform\u00f3 que de 456 socios en condiciones de votar, ayer\nse presentaron 306 a sufragar, de los cuales 170 votaron a favor de la reelecci\u00f3n\ndel actual presidente Lena.<\/p>\n","protected":false},"excerpt":{"rendered":"<p>Se presentaban dos listas: Una encabezada por Eduardo Lena que buscaba su reelecci\u00f3n; y la otra, con Am\u00e9rico Castillo a la cabeza que intentaba volver a presidir la entidad que supo encabezar durante casi 30 a\u00f1os. Lena contaba con el apoyo del cuerpo activo de los bomberos de Solano compuesto por 93 voluntarios. Castillo, por&hellip;<\/p>\n","protected":false},"author":1,"featured_media":92248,"comment_status":"open","ping_status":"open","sticky":false,"template":"","format":"standard","meta":{"footnotes":""},"categories":[25],"tags":[16116,32138,32139,244,1229,684],"class_list":["post-92247","post","type-post","status-publish","format-standard","has-post-thumbnail","hentry","category-sociedad","tag-americo-castillo","tag-bomberos-voluntarios-de-solano","tag-eduardo-lena","tag-elecciones","tag-incidentes","tag-quilmes"],"_links":{"self":[{"href":"https:\/\/www.elsindical.com.ar\/notas\/wp-json\/wp\/v2\/posts\/92247","targetHints":{"allow":["GET"]}}],"collection":[{"href":"https:\/\/www.elsindical.com.ar\/notas\/wp-json\/wp\/v2\/posts"}],"about":[{"href":"https:\/\/www.elsindical.com.ar\/notas\/wp-json\/wp\/v2\/types\/post"}],"author":[{"embeddable":true,"href":"https:\/\/www.elsindical.com.ar\/notas\/wp-json\/wp\/v2\/users\/1"}],"replies":[{"embeddable":true,"href":"https:\/\/www.elsindical.com.ar\/notas\/wp-json\/wp\/v2\/comments?post=92247"}],"version-history":[{"count":1,"href":"https:\/\/www.elsindical.com.ar\/notas\/wp-json\/wp\/v2\/posts\/92247\/revisions"}],"predecessor-version":[{"id":92249,"href":"https:\/\/www.elsindical.com.ar\/notas\/wp-json\/wp\/v2\/posts\/92247\/revisions\/92249"}],"wp:featuredmedia":[{"embeddable":true,"href":"https:\/\/www.elsindical.com.ar\/notas\/wp-json\/wp\/v2\/media\/92248"}],"wp:attachment":[{"href":"https:\/\/www.elsindical.com.ar\/notas\/wp-json\/wp\/v2\/media?parent=92247"}],"wp:term":[{"taxonomy":"category","embeddable":true,"href":"https:\/\/www.elsindical.com.ar\/notas\/wp-json\/wp\/v2\/categories?post=92247"},{"taxonomy":"post_tag","embeddable":true,"href":"https:\/\/www.elsindical.com.ar\/notas\/wp-json\/wp\/v2\/tags?post=92247"}],"curies":[{"name":"wp","href":"https:\/\/api.w.org\/{rel}","templated":true}]}}