{"id":92231,"date":"2019-12-29T12:41:07","date_gmt":"2019-12-29T15:41:07","guid":{"rendered":"http:\/\/www.elsindical.com.ar\/notas\/?p=92231"},"modified":"2019-12-29T12:41:14","modified_gmt":"2019-12-29T15:41:14","slug":"radicales-caraduras-de-festejo-en-gerli","status":"publish","type":"post","link":"https:\/\/www.elsindical.com.ar\/notas\/radicales-caraduras-de-festejo-en-gerli\/","title":{"rendered":"Radicales caraduras de festejo en Gerli"},"content":{"rendered":"\n<figure class=\"wp-block-image size-large\"><img loading=\"lazy\" decoding=\"async\" width=\"720\" height=\"812\" src=\"http:\/\/www.elsindical.com.ar\/notas\/var\/www\/html\/notas\/wp-content\/uploads\/2019\/12\/UCR-Gerli.jpg\" alt=\"\" class=\"wp-image-92232\" srcset=\"https:\/\/www.elsindical.com.ar\/notas\/var\/www\/html\/notas\/wp-content\/uploads\/2019\/12\/UCR-Gerli.jpg 720w, https:\/\/www.elsindical.com.ar\/notas\/var\/www\/html\/notas\/wp-content\/uploads\/2019\/12\/UCR-Gerli-266x300.jpg 266w\" sizes=\"auto, (max-width: 720px) 100vw, 720px\" \/><\/figure>\n\n\n\n<p class=\"wp-block-paragraph\">  Uno viene viendo las publicaciones del presidente de la UCR Avellaneda, Fernando Landaburu y no puede dejar de preguntarse si este hombre est\u00e1 bien o es un mit\u00f3mano patol\u00f3gico, cuando publica fotos donde agradece a los cientos de militantes y se ven 10 o 15 personas o como ahora en el brindis de Gerli se cuenta una mesa con 9 personas y el que sac\u00f3 la foto.<\/p>\n\n\n\n<p class=\"wp-block-paragraph\">Textual dice:<\/p>\n\n\n\n<p class=\"wp-block-paragraph\"> <em>Muy c\u00e1lido brindis de fin de a\u00f1o del radicalismo de Gerli.<br>  Felicitaciones a Patricia Rojas, pte. del Comit\u00e9, autoridades y  militantes por mantener activo al comite y trabajando para los vecinos  de Gerli junto a la concejal Silvia Diana, vecina del barrio<\/em>. <\/p>\n\n\n\n<p class=\"wp-block-paragraph\">Si esta es la representaci\u00f3n radical, entonces la UCR es un mal chiste, de hecho la supuesta actividad del comite no es tal, la electa concejal Silvia Diana ha prometido y a la fecha no ha cumplido con nada de la prometido a los vecinos de Gerli y bueno Fernando Landaburu ya sabemos qui\u00e9n es y que se puede esperar de \u00e9l.<\/p>\n\n\n\n<p class=\"wp-block-paragraph\">Todo bien que brinden, se diviertan y festejen, motivos les sobran no as\u00ed logros, salvo el de haber sido votados sin que nadie pensara un minuto en si eran los mejores para el cargo, pero dejen de decir que son cientos trabajando por los vecinos de Gerli, porque el barrio sigue igual o peor.<\/p>\n\n\n\n<p class=\"wp-block-paragraph\">Por Marcelo Ricardo Hawrylciw<\/p>\n","protected":false},"excerpt":{"rendered":"<p>Uno viene viendo las publicaciones del presidente de la UCR Avellaneda, Fernando Landaburu y no puede dejar de preguntarse si este hombre est\u00e1 bien o es un mit\u00f3mano patol\u00f3gico, cuando publica fotos donde agradece a los cientos de militantes y se ven 10 o 15 personas o como ahora en el brindis de Gerli se&hellip;<\/p>\n","protected":false},"author":1,"featured_media":92232,"comment_status":"open","ping_status":"open","sticky":false,"template":"","format":"standard","meta":{"footnotes":""},"categories":[10],"tags":[461,21713,1662,32135,32134,1826],"class_list":["post-92231","post","type-post","status-publish","format-standard","has-post-thumbnail","hentry","category-editorial","tag-avellaneda","tag-fernando-landaburu","tag-gerli","tag-patricia-rojas","tag-silvia-diana","tag-ucr"],"_links":{"self":[{"href":"https:\/\/www.elsindical.com.ar\/notas\/wp-json\/wp\/v2\/posts\/92231","targetHints":{"allow":["GET"]}}],"collection":[{"href":"https:\/\/www.elsindical.com.ar\/notas\/wp-json\/wp\/v2\/posts"}],"about":[{"href":"https:\/\/www.elsindical.com.ar\/notas\/wp-json\/wp\/v2\/types\/post"}],"author":[{"embeddable":true,"href":"https:\/\/www.elsindical.com.ar\/notas\/wp-json\/wp\/v2\/users\/1"}],"replies":[{"embeddable":true,"href":"https:\/\/www.elsindical.com.ar\/notas\/wp-json\/wp\/v2\/comments?post=92231"}],"version-history":[{"count":1,"href":"https:\/\/www.elsindical.com.ar\/notas\/wp-json\/wp\/v2\/posts\/92231\/revisions"}],"predecessor-version":[{"id":92233,"href":"https:\/\/www.elsindical.com.ar\/notas\/wp-json\/wp\/v2\/posts\/92231\/revisions\/92233"}],"wp:featuredmedia":[{"embeddable":true,"href":"https:\/\/www.elsindical.com.ar\/notas\/wp-json\/wp\/v2\/media\/92232"}],"wp:attachment":[{"href":"https:\/\/www.elsindical.com.ar\/notas\/wp-json\/wp\/v2\/media?parent=92231"}],"wp:term":[{"taxonomy":"category","embeddable":true,"href":"https:\/\/www.elsindical.com.ar\/notas\/wp-json\/wp\/v2\/categories?post=92231"},{"taxonomy":"post_tag","embeddable":true,"href":"https:\/\/www.elsindical.com.ar\/notas\/wp-json\/wp\/v2\/tags?post=92231"}],"curies":[{"name":"wp","href":"https:\/\/api.w.org\/{rel}","templated":true}]}}