{"id":92173,"date":"2019-12-27T01:08:23","date_gmt":"2019-12-27T04:08:23","guid":{"rendered":"http:\/\/www.elsindical.com.ar\/notas\/?p=92173"},"modified":"2019-12-27T01:08:23","modified_gmt":"2019-12-27T04:08:23","slug":"moreno-murio-la-adolescente-herida-de-bala-en-navidad","status":"publish","type":"post","link":"https:\/\/www.elsindical.com.ar\/notas\/moreno-murio-la-adolescente-herida-de-bala-en-navidad\/","title":{"rendered":"Moreno: Muri\u00f3 la adolescente herida de bala en Navidad"},"content":{"rendered":"\n<figure class=\"wp-block-image size-large\"><img loading=\"lazy\" decoding=\"async\" width=\"779\" height=\"486\" src=\"http:\/\/www.elsindical.com.ar\/notas\/var\/www\/html\/notas\/wp-content\/uploads\/2019\/12\/Milagros-G\u00f3mez.jpg\" alt=\"\" class=\"wp-image-92174\" srcset=\"https:\/\/www.elsindical.com.ar\/notas\/var\/www\/html\/notas\/wp-content\/uploads\/2019\/12\/Milagros-G\u00f3mez.jpg 779w, https:\/\/www.elsindical.com.ar\/notas\/var\/www\/html\/notas\/wp-content\/uploads\/2019\/12\/Milagros-G\u00f3mez-300x187.jpg 300w, https:\/\/www.elsindical.com.ar\/notas\/var\/www\/html\/notas\/wp-content\/uploads\/2019\/12\/Milagros-G\u00f3mez-768x479.jpg 768w, https:\/\/www.elsindical.com.ar\/notas\/var\/www\/html\/notas\/wp-content\/uploads\/2019\/12\/Milagros-G\u00f3mez-481x300.jpg 481w\" sizes=\"auto, (max-width: 779px) 100vw, 779px\" \/><\/figure>\n\n\n\n<p class=\"wp-block-paragraph\">La chica de 14 a\u00f1os\u00a0se  encontraba internada en grave estado tras ser herida con un arma de  fuego durante la celebraci\u00f3n de Nochebuena. <\/p>\n\n\n\n<p class=\"wp-block-paragraph\"> Una adolescente de 14 a\u00f1os que se encontraba internada con muerte  cerebral falleci\u00f3 el jueves por la noche luego de ser alcanzada por una  bala perdida durante los festejos de Navidad en la localidad bonaerense de   Moreno.  Por el hecho fue detenido un hombre de 60 a\u00f1os a quien le secuestraron  una pistola y una escopeta, informaron fuentes judiciales y policiales.<br> <br>  El hecho ocurri\u00f3 alrededor de la 1 del mi\u00e9rcoles pasado, en plenos  festejos navide\u00f1os, cuando la adolescente se encontraba junto a su  familia y otros menores en el patio de su casa situada en la esquina de  Shakespeare y Florencio Varela, de Moreno, y cay\u00f3 desplomada por un balazo que le ingres\u00f3 por la nuca, a la altura de la regi\u00f3n temporo parietal izquierda.<br> <br> <strong>Milagros G\u00f3mez<\/strong> fue trasladada al Hospital Mariano y Luciano de La Vega, de Moreno, donde su familia espera que pueda ser derivada a un centro de mayor complejidad ya que all\u00ed dijeron que no pueden operarla.<br> <br> Lo ocurrido es investigado por la fiscal <strong>Luisa P<\/strong>ontecorvo, de la Unidad Funcional de Instrucci\u00f3n (UFI) 3 de Moreno  y por efectivos de la comisar\u00eda 8va. de ese distrito del oeste del  conurbano, quienes realizaron un relevamiento por el barrio y se  entrevistaron con los vecinos.<br> <br> A partir de los datos aportados  por los testigos, la fiscal Pontecorvo dispuso la aprehensi\u00f3n de un  sospechoso identificado como <strong>Jos\u00e9 Alberto Pinto Barreto<\/strong> (60), conocido como \u201cEl Uruguayo\u201d y que vive a 70 metros del lugar del hecho.<br> <br>  Seg\u00fan las fuentes, en el allanamiento a la casa del acusado la Polic\u00eda  secuestr\u00f3 una pistola marca Bersa calibre 9 mil\u00edmetros, 12 proyectiles  intactos y cuatro vainas servidas del mismo calibre; y una escopeta  marca Bathan con dos cartuchos intactos. <\/p>\n","protected":false},"excerpt":{"rendered":"<p>La chica de 14 a\u00f1os\u00a0se encontraba internada en grave estado tras ser herida con un arma de fuego durante la celebraci\u00f3n de Nochebuena. Una adolescente de 14 a\u00f1os que se encontraba internada con muerte cerebral falleci\u00f3 el jueves por la noche luego de ser alcanzada por una bala perdida durante los festejos de Navidad en&hellip;<\/p>\n","protected":false},"author":1,"featured_media":92174,"comment_status":"open","ping_status":"open","sticky":false,"template":"","format":"standard","meta":{"footnotes":""},"categories":[22],"tags":[388,15516,32106,32105,1232,14482,9676,8924],"class_list":["post-92173","post","type-post","status-publish","format-standard","has-post-thumbnail","hentry","category-policiales","tag-disparo","tag-el-uruguayo","tag-jose-alberto-pinto-barreto","tag-milagros-gomez","tag-moreno","tag-navidad","tag-nochebuena","tag-ufi-3"],"_links":{"self":[{"href":"https:\/\/www.elsindical.com.ar\/notas\/wp-json\/wp\/v2\/posts\/92173","targetHints":{"allow":["GET"]}}],"collection":[{"href":"https:\/\/www.elsindical.com.ar\/notas\/wp-json\/wp\/v2\/posts"}],"about":[{"href":"https:\/\/www.elsindical.com.ar\/notas\/wp-json\/wp\/v2\/types\/post"}],"author":[{"embeddable":true,"href":"https:\/\/www.elsindical.com.ar\/notas\/wp-json\/wp\/v2\/users\/1"}],"replies":[{"embeddable":true,"href":"https:\/\/www.elsindical.com.ar\/notas\/wp-json\/wp\/v2\/comments?post=92173"}],"version-history":[{"count":1,"href":"https:\/\/www.elsindical.com.ar\/notas\/wp-json\/wp\/v2\/posts\/92173\/revisions"}],"predecessor-version":[{"id":92175,"href":"https:\/\/www.elsindical.com.ar\/notas\/wp-json\/wp\/v2\/posts\/92173\/revisions\/92175"}],"wp:featuredmedia":[{"embeddable":true,"href":"https:\/\/www.elsindical.com.ar\/notas\/wp-json\/wp\/v2\/media\/92174"}],"wp:attachment":[{"href":"https:\/\/www.elsindical.com.ar\/notas\/wp-json\/wp\/v2\/media?parent=92173"}],"wp:term":[{"taxonomy":"category","embeddable":true,"href":"https:\/\/www.elsindical.com.ar\/notas\/wp-json\/wp\/v2\/categories?post=92173"},{"taxonomy":"post_tag","embeddable":true,"href":"https:\/\/www.elsindical.com.ar\/notas\/wp-json\/wp\/v2\/tags?post=92173"}],"curies":[{"name":"wp","href":"https:\/\/api.w.org\/{rel}","templated":true}]}}