{"id":92162,"date":"2019-12-26T20:33:11","date_gmt":"2019-12-26T23:33:11","guid":{"rendered":"http:\/\/www.elsindical.com.ar\/notas\/?p=92162"},"modified":"2019-12-26T20:33:29","modified_gmt":"2019-12-26T23:33:29","slug":"lanus-convocan-a-marcha-en-reclamo-de-justicia-para-rodrigo-el-callejerito-asesinado-en-v-alsina","status":"publish","type":"post","link":"https:\/\/www.elsindical.com.ar\/notas\/lanus-convocan-a-marcha-en-reclamo-de-justicia-para-rodrigo-el-callejerito-asesinado-en-v-alsina\/","title":{"rendered":"Lan\u00fas: Convocan a marcha en reclamo de justicia para Rodrigo el callejerito asesinado en V. Alsina"},"content":{"rendered":"\n<figure class=\"wp-block-image size-large\"><img loading=\"lazy\" decoding=\"async\" width=\"738\" height=\"523\" src=\"http:\/\/www.elsindical.com.ar\/notas\/var\/www\/html\/notas\/wp-content\/uploads\/2019\/12\/marcha-justicia-por-Rodrigo.jpg\" alt=\"\" class=\"wp-image-92163\" srcset=\"https:\/\/www.elsindical.com.ar\/notas\/var\/www\/html\/notas\/wp-content\/uploads\/2019\/12\/marcha-justicia-por-Rodrigo.jpg 738w, https:\/\/www.elsindical.com.ar\/notas\/var\/www\/html\/notas\/wp-content\/uploads\/2019\/12\/marcha-justicia-por-Rodrigo-300x213.jpg 300w, https:\/\/www.elsindical.com.ar\/notas\/var\/www\/html\/notas\/wp-content\/uploads\/2019\/12\/marcha-justicia-por-Rodrigo-423x300.jpg 423w\" sizes=\"auto, (max-width: 738px) 100vw, 738px\" \/><\/figure>\n\n\n\n<p>Rodrigo  nos necesita para que su muerte no sea impune. A todos los que puedan  los esperamos ma\u00f1ana en una marcha pac\u00edfica. Pod\u00e9s traer velas y un  cartelito. Tenemos que ser la voz de quienes no la tienen. Por favor  difundir. Gracias<\/p>\n","protected":false},"excerpt":{"rendered":"<p>Rodrigo nos necesita para que su muerte no sea impune. A todos los que puedan los esperamos ma\u00f1ana en una marcha pac\u00edfica. Pod\u00e9s traer velas y un cartelito. Tenemos que ser la voz de quienes no la tienen. Por favor difundir. Gracias<\/p>\n","protected":false},"author":1,"featured_media":92163,"comment_status":"open","ping_status":"open","sticky":false,"template":"","format":"standard","meta":{"footnotes":""},"categories":[26],"tags":[41,209,15793,325],"class_list":["post-92162","post","type-post","status-publish","format-standard","has-post-thumbnail","hentry","category-solidaridad","tag-justicia","tag-lanus","tag-rodrigo","tag-valentin-alsina"],"_links":{"self":[{"href":"https:\/\/www.elsindical.com.ar\/notas\/wp-json\/wp\/v2\/posts\/92162","targetHints":{"allow":["GET"]}}],"collection":[{"href":"https:\/\/www.elsindical.com.ar\/notas\/wp-json\/wp\/v2\/posts"}],"about":[{"href":"https:\/\/www.elsindical.com.ar\/notas\/wp-json\/wp\/v2\/types\/post"}],"author":[{"embeddable":true,"href":"https:\/\/www.elsindical.com.ar\/notas\/wp-json\/wp\/v2\/users\/1"}],"replies":[{"embeddable":true,"href":"https:\/\/www.elsindical.com.ar\/notas\/wp-json\/wp\/v2\/comments?post=92162"}],"version-history":[{"count":1,"href":"https:\/\/www.elsindical.com.ar\/notas\/wp-json\/wp\/v2\/posts\/92162\/revisions"}],"predecessor-version":[{"id":92164,"href":"https:\/\/www.elsindical.com.ar\/notas\/wp-json\/wp\/v2\/posts\/92162\/revisions\/92164"}],"wp:featuredmedia":[{"embeddable":true,"href":"https:\/\/www.elsindical.com.ar\/notas\/wp-json\/wp\/v2\/media\/92163"}],"wp:attachment":[{"href":"https:\/\/www.elsindical.com.ar\/notas\/wp-json\/wp\/v2\/media?parent=92162"}],"wp:term":[{"taxonomy":"category","embeddable":true,"href":"https:\/\/www.elsindical.com.ar\/notas\/wp-json\/wp\/v2\/categories?post=92162"},{"taxonomy":"post_tag","embeddable":true,"href":"https:\/\/www.elsindical.com.ar\/notas\/wp-json\/wp\/v2\/tags?post=92162"}],"curies":[{"name":"wp","href":"https:\/\/api.w.org\/{rel}","templated":true}]}}