{"id":92077,"date":"2019-12-20T20:34:14","date_gmt":"2019-12-20T23:34:14","guid":{"rendered":"http:\/\/www.elsindical.com.ar\/notas\/?p=92077"},"modified":"2019-12-20T20:34:14","modified_gmt":"2019-12-20T23:34:14","slug":"avellaneda-familia-desesperada-denuncia-burocracia-judicial","status":"publish","type":"post","link":"https:\/\/www.elsindical.com.ar\/notas\/avellaneda-familia-desesperada-denuncia-burocracia-judicial\/","title":{"rendered":"Avellaneda: Familia desesperada denuncia burocracia judicial"},"content":{"rendered":"\n<figure class=\"wp-block-image size-large\"><img loading=\"lazy\" decoding=\"async\" width=\"1024\" height=\"827\" src=\"http:\/\/www.elsindical.com.ar\/notas\/var\/www\/html\/notas\/wp-content\/uploads\/2019\/12\/810288-1024x827.jpg\" alt=\"\" class=\"wp-image-92078\" srcset=\"https:\/\/www.elsindical.com.ar\/notas\/var\/www\/html\/notas\/wp-content\/uploads\/2019\/12\/810288-1024x827.jpg 1024w, https:\/\/www.elsindical.com.ar\/notas\/var\/www\/html\/notas\/wp-content\/uploads\/2019\/12\/810288-300x242.jpg 300w, https:\/\/www.elsindical.com.ar\/notas\/var\/www\/html\/notas\/wp-content\/uploads\/2019\/12\/810288-768x621.jpg 768w, https:\/\/www.elsindical.com.ar\/notas\/var\/www\/html\/notas\/wp-content\/uploads\/2019\/12\/810288-371x300.jpg 371w, https:\/\/www.elsindical.com.ar\/notas\/var\/www\/html\/notas\/wp-content\/uploads\/2019\/12\/810288.jpg 1026w\" sizes=\"auto, (max-width: 1024px) 100vw, 1024px\" \/><\/figure>\n\n\n\n<p>El duro relato de su hija Julieta L\u00f3pez: <\/p>\n\n\n\n<p><em>Hola quer\u00eda decirles que en el d\u00eda de ayer en un intento  de robo en la Cooperativa Lavalan  ubicada en Conesa y entre r\u00edos en el  barrio de Castellino partido de Avellaneda (a dos cuadras de la UNDAV)  mataron a mi pap\u00e1 de un disparo en el pecho cuando era grito desde el  segundo piso de esa cooperativa queriendo ayudar a su compa\u00f1ero de  trabajo que ven\u00edan a robarle en un robo que estaba planeado y que no fue  al boleo. <\/em><\/p>\n\n\n\n<p> <em>El era padre y  abuelo y un hombre laburador el lucho por sus derechos y por su familia y  trabajo en la Cooperativa Lavalan hace muchos a\u00f1os por el momento el  abogado Luis caro nos est\u00e1 ayudando y el caso est\u00e1 a cargo de la Fiscal Olmos Coronel de la fiscal\u00eda 1 del Polo Judicial de Avellaneda. <\/em><\/p>\n\n\n\n<p> <em>El cuerpo de mi pap\u00e1 est\u00e1 en la morgue  de Lomas de Zamora ayer nos dijeron que la autopsia iba a realizarse en cuanto mucho para el d\u00eda de hoy pero nos llamaron y juegan con nuestros sentimientos dici\u00e9ndonos que reci\u00e9n ma\u00f1ana se va a realizar la autopsia somos una familia totalmente destrozada que solo queremos velar a mi  pap\u00e1 y pedir justicia por favor les pedimos de su ayuda.<\/em><\/p>\n\n\n\n<p>Son muchos los delitos que vienen soportando los vecinos de Pi\u00f1eiro, existe una realidad de la que pocos hablan y es que la mayor\u00eda de los delincuentes provienen de barrios de CABA, como la villa Zavaleta y alrededores de La Boca, llama la atenci\u00f3n que el \u00abanillo digital\u00bb que se present\u00f3 con bombos y platillos con un gasto millonario no detecte el paso de veh\u00edculos robados en Avellaneda y que suelen aparecer en Capital Federal, eso lo saben muy bien muchos de los vecinos que han sido v\u00edctimas, tambi\u00e9n falta una mejor prevenci\u00f3n desde el municipio que no se trata de solo instalar c\u00e1maras de seguridad o alarmas, sino de tener en el Centro de Monitoreo personal capacitado para detectar movimientos sospechosos o realizar seguimientos.<\/p>\n\n\n\n<p>Pero no menos cierto es que desde la justicia se trabaja mal, a la burocracia como en este caso donde parecen no comprender el dolor, se suma un exceso en la excarcelaciones de aprehendidos a los que se les imputa calificaciones legales leves lo que hace que los vecinos vean a los mismos delincuentes reincidir sin problemas.<\/p>\n\n\n\n<p>Faltan funcionarios capacitados para elaborar un plan efectivo contra el delito, pero los pol\u00edticos priorizan los \u00abfavores pol\u00edticos\u00bb antes que la capacidad.<\/p>\n\n\n\n<p>Por Marcelo Ricardo Hawrylciw<\/p>\n\n\n\n<figure class=\"wp-block-image size-large\"><img loading=\"lazy\" decoding=\"async\" width=\"974\" height=\"974\" src=\"http:\/\/www.elsindical.com.ar\/notas\/var\/www\/html\/notas\/wp-content\/uploads\/2019\/12\/padre-de-Julieta.jpg\" alt=\"\" class=\"wp-image-92079\" srcset=\"https:\/\/www.elsindical.com.ar\/notas\/var\/www\/html\/notas\/wp-content\/uploads\/2019\/12\/padre-de-Julieta.jpg 974w, https:\/\/www.elsindical.com.ar\/notas\/var\/www\/html\/notas\/wp-content\/uploads\/2019\/12\/padre-de-Julieta-300x300.jpg 300w, https:\/\/www.elsindical.com.ar\/notas\/var\/www\/html\/notas\/wp-content\/uploads\/2019\/12\/padre-de-Julieta-150x150.jpg 150w, https:\/\/www.elsindical.com.ar\/notas\/var\/www\/html\/notas\/wp-content\/uploads\/2019\/12\/padre-de-Julieta-768x768.jpg 768w, https:\/\/www.elsindical.com.ar\/notas\/var\/www\/html\/notas\/wp-content\/uploads\/2019\/12\/padre-de-Julieta-50x50.jpg 50w\" sizes=\"auto, (max-width: 974px) 100vw, 974px\" \/><\/figure>\n\n\n\n<iframe loading=\"lazy\" width=\"580\" height=\"420\" src=\"https:\/\/www.youtube.com\/embed\/_FKHjbX0SjE\" frameborder=\"0\" allow=\"accelerometer; autoplay; encrypted-media; gyroscope; picture-in-picture\" allowfullscreen><\/iframe>\n","protected":false},"excerpt":{"rendered":"<p>El duro relato de su hija Julieta L\u00f3pez: Hola quer\u00eda decirles que en el d\u00eda de ayer en un intento de robo en la Cooperativa Lavalan ubicada en Conesa y entre r\u00edos en el barrio de Castellino partido de Avellaneda (a dos cuadras de la UNDAV) mataron a mi pap\u00e1 de un disparo en el&hellip;<\/p>\n","protected":false},"author":1,"featured_media":92078,"comment_status":"open","ping_status":"open","sticky":false,"template":"","format":"standard","meta":{"footnotes":""},"categories":[6],"tags":[461,32074,17982],"class_list":["post-92077","post","type-post","status-publish","format-standard","has-post-thumbnail","hentry","category-denuncias","tag-avellaneda","tag-julieta-lopez","tag-pineiro"],"_links":{"self":[{"href":"https:\/\/www.elsindical.com.ar\/notas\/wp-json\/wp\/v2\/posts\/92077","targetHints":{"allow":["GET"]}}],"collection":[{"href":"https:\/\/www.elsindical.com.ar\/notas\/wp-json\/wp\/v2\/posts"}],"about":[{"href":"https:\/\/www.elsindical.com.ar\/notas\/wp-json\/wp\/v2\/types\/post"}],"author":[{"embeddable":true,"href":"https:\/\/www.elsindical.com.ar\/notas\/wp-json\/wp\/v2\/users\/1"}],"replies":[{"embeddable":true,"href":"https:\/\/www.elsindical.com.ar\/notas\/wp-json\/wp\/v2\/comments?post=92077"}],"version-history":[{"count":1,"href":"https:\/\/www.elsindical.com.ar\/notas\/wp-json\/wp\/v2\/posts\/92077\/revisions"}],"predecessor-version":[{"id":92080,"href":"https:\/\/www.elsindical.com.ar\/notas\/wp-json\/wp\/v2\/posts\/92077\/revisions\/92080"}],"wp:featuredmedia":[{"embeddable":true,"href":"https:\/\/www.elsindical.com.ar\/notas\/wp-json\/wp\/v2\/media\/92078"}],"wp:attachment":[{"href":"https:\/\/www.elsindical.com.ar\/notas\/wp-json\/wp\/v2\/media?parent=92077"}],"wp:term":[{"taxonomy":"category","embeddable":true,"href":"https:\/\/www.elsindical.com.ar\/notas\/wp-json\/wp\/v2\/categories?post=92077"},{"taxonomy":"post_tag","embeddable":true,"href":"https:\/\/www.elsindical.com.ar\/notas\/wp-json\/wp\/v2\/tags?post=92077"}],"curies":[{"name":"wp","href":"https:\/\/api.w.org\/{rel}","templated":true}]}}