{"id":92014,"date":"2019-12-19T00:35:14","date_gmt":"2019-12-19T03:35:14","guid":{"rendered":"http:\/\/www.elsindical.com.ar\/notas\/?p=92014"},"modified":"2019-12-19T00:35:14","modified_gmt":"2019-12-19T03:35:14","slug":"la-desocupacion-se-ubico-en-97","status":"publish","type":"post","link":"https:\/\/www.elsindical.com.ar\/notas\/la-desocupacion-se-ubico-en-97\/","title":{"rendered":"La desocupaci\u00f3n se ubic\u00f3 en  9,7%"},"content":{"rendered":"\n<div class=\"wp-block-image\"><figure class=\"aligncenter size-large\"><img loading=\"lazy\" decoding=\"async\" width=\"511\" height=\"558\" src=\"http:\/\/www.elsindical.com.ar\/notas\/var\/www\/html\/notas\/wp-content\/uploads\/2019\/12\/INDEC-diciembre-2019-desocupaci\u00f3n.jpg\" alt=\"\" class=\"wp-image-92015\" srcset=\"https:\/\/www.elsindical.com.ar\/notas\/var\/www\/html\/notas\/wp-content\/uploads\/2019\/12\/INDEC-diciembre-2019-desocupaci\u00f3n.jpg 511w, https:\/\/www.elsindical.com.ar\/notas\/var\/www\/html\/notas\/wp-content\/uploads\/2019\/12\/INDEC-diciembre-2019-desocupaci\u00f3n-275x300.jpg 275w\" sizes=\"auto, (max-width: 511px) 100vw, 511px\" \/><\/figure><\/div>\n\n\n\n<p class=\"wp-block-paragraph\"> Fue en el tercer trimestre del a\u00f1o inform\u00f3 el INDEC. Gran Buenos Aires es la regi\u00f3n con el \u00edndice m\u00e1s alto. <\/p>\n\n\n\n<p class=\"wp-block-paragraph\">El\n\u00edndice de desempleo subi\u00f3 a 9,7 por ciento al t\u00e9rmino del tercer trimestre, por\nsobre el 9 por ciento de igual per\u00edodo del a\u00f1o pasado, inform\u00f3 este mi\u00e9rcoles el\nInstituto Nacional de Estad\u00edstica y Censos (INDEC).<\/p>\n\n\n\n<p class=\"wp-block-paragraph\">El organismo inform\u00f3 adem\u00e1s que el \u00edndice de subocupados demandante  alcanz\u00f3 a 9,5 por ciento, frente a 8,3 por ciento de 2018, y la no  demandante a 3,3 por ciento contra el 3,5 por ciento anterior.\u00a0<\/p>\n\n\n\n<p class=\"wp-block-paragraph\">De\nacuerdo con el informe del INDEC, la regi\u00f3n Gran Buenos Aires registr\u00f3 la mayor\ntasa de desocupaci\u00f3n con 11,1 por ciento. Luego siguieron Pampeana con 9 por\nciento; Noroeste, 8,5; Patagonia, 6,6; Cuyo, 6,5 y Noreste con 4,6 por ciento.<\/p>\n\n\n\n<p class=\"wp-block-paragraph\">En\ntanto, entre los j\u00f3venes, la tasa de desocupaci\u00f3n creci\u00f3 de 21,5 por ciento a\n22,6 por ciento en mujeres y de 14,5 por ciento a 17,9 por ciento en varones\ndesde el tercer trimestre de 2018 al mismo per\u00edodo de 2019.<\/p>\n","protected":false},"excerpt":{"rendered":"<p>Fue en el tercer trimestre del a\u00f1o inform\u00f3 el INDEC. Gran Buenos Aires es la regi\u00f3n con el \u00edndice m\u00e1s alto. El \u00edndice de desempleo subi\u00f3 a 9,7 por ciento al t\u00e9rmino del tercer trimestre, por sobre el 9 por ciento de igual per\u00edodo del a\u00f1o pasado, inform\u00f3 este mi\u00e9rcoles el Instituto Nacional de Estad\u00edstica&hellip;<\/p>\n","protected":false},"author":1,"featured_media":92015,"comment_status":"open","ping_status":"open","sticky":false,"template":"","format":"standard","meta":{"footnotes":""},"categories":[9],"tags":[22036,2200,31220],"class_list":["post-92014","post","type-post","status-publish","format-standard","has-post-thumbnail","hentry","category-economia","tag-desocupacion","tag-indec","tag-jovenes-2"],"_links":{"self":[{"href":"https:\/\/www.elsindical.com.ar\/notas\/wp-json\/wp\/v2\/posts\/92014","targetHints":{"allow":["GET"]}}],"collection":[{"href":"https:\/\/www.elsindical.com.ar\/notas\/wp-json\/wp\/v2\/posts"}],"about":[{"href":"https:\/\/www.elsindical.com.ar\/notas\/wp-json\/wp\/v2\/types\/post"}],"author":[{"embeddable":true,"href":"https:\/\/www.elsindical.com.ar\/notas\/wp-json\/wp\/v2\/users\/1"}],"replies":[{"embeddable":true,"href":"https:\/\/www.elsindical.com.ar\/notas\/wp-json\/wp\/v2\/comments?post=92014"}],"version-history":[{"count":1,"href":"https:\/\/www.elsindical.com.ar\/notas\/wp-json\/wp\/v2\/posts\/92014\/revisions"}],"predecessor-version":[{"id":92016,"href":"https:\/\/www.elsindical.com.ar\/notas\/wp-json\/wp\/v2\/posts\/92014\/revisions\/92016"}],"wp:featuredmedia":[{"embeddable":true,"href":"https:\/\/www.elsindical.com.ar\/notas\/wp-json\/wp\/v2\/media\/92015"}],"wp:attachment":[{"href":"https:\/\/www.elsindical.com.ar\/notas\/wp-json\/wp\/v2\/media?parent=92014"}],"wp:term":[{"taxonomy":"category","embeddable":true,"href":"https:\/\/www.elsindical.com.ar\/notas\/wp-json\/wp\/v2\/categories?post=92014"},{"taxonomy":"post_tag","embeddable":true,"href":"https:\/\/www.elsindical.com.ar\/notas\/wp-json\/wp\/v2\/tags?post=92014"}],"curies":[{"name":"wp","href":"https:\/\/api.w.org\/{rel}","templated":true}]}}