{"id":92009,"date":"2019-12-18T19:20:52","date_gmt":"2019-12-18T22:20:52","guid":{"rendered":"http:\/\/www.elsindical.com.ar\/notas\/?p=92009"},"modified":"2019-12-18T19:20:52","modified_gmt":"2019-12-18T22:20:52","slug":"laura-berardo-es-la-nueva-subsecretaria-de-desarrollo-social-de-la-nacion","status":"publish","type":"post","link":"https:\/\/www.elsindical.com.ar\/notas\/laura-berardo-es-la-nueva-subsecretaria-de-desarrollo-social-de-la-nacion\/","title":{"rendered":"Laura Berardo es la nueva subsecretaria de Desarrollo Social de la Naci\u00f3n"},"content":{"rendered":"\n<figure class=\"wp-block-image size-large\"><img loading=\"lazy\" decoding=\"async\" width=\"1024\" height=\"1024\" src=\"http:\/\/www.elsindical.com.ar\/notas\/var\/www\/html\/notas\/wp-content\/uploads\/2019\/12\/Laura-Berardo-1024x1024.jpg\" alt=\"\" class=\"wp-image-92010\" srcset=\"https:\/\/www.elsindical.com.ar\/notas\/var\/www\/html\/notas\/wp-content\/uploads\/2019\/12\/Laura-Berardo-1024x1024.jpg 1024w, https:\/\/www.elsindical.com.ar\/notas\/var\/www\/html\/notas\/wp-content\/uploads\/2019\/12\/Laura-Berardo-300x300.jpg 300w, https:\/\/www.elsindical.com.ar\/notas\/var\/www\/html\/notas\/wp-content\/uploads\/2019\/12\/Laura-Berardo-150x150.jpg 150w, https:\/\/www.elsindical.com.ar\/notas\/var\/www\/html\/notas\/wp-content\/uploads\/2019\/12\/Laura-Berardo-768x768.jpg 768w, https:\/\/www.elsindical.com.ar\/notas\/var\/www\/html\/notas\/wp-content\/uploads\/2019\/12\/Laura-Berardo-50x50.jpg 50w, https:\/\/www.elsindical.com.ar\/notas\/var\/www\/html\/notas\/wp-content\/uploads\/2019\/12\/Laura-Berardo.jpg 1400w\" sizes=\"auto, (max-width: 1024px) 100vw, 1024px\" \/><\/figure>\n\n\n\n<p>La concejala de Lomas de Zamora por Unidad Ciudadana, Laura Berardo, \nse sum\u00f3 al Gobierno nacional y ya ocupa la Subsecretar\u00eda de Desarrollo \nSocial de la Naci\u00f3n. Este mi\u00e9rcoles, el Concejo Deliberante lomense \naprob\u00f3 su licencia.<\/p>\n\n\n\n<p>La dirigente de Unidos y Organizados pasar\u00e1 a ocupar un importante \ncargo en la estructura del Ministerio de Desarrollo Social de la Naci\u00f3n,\n que encabeza Daniel Arroyo.<\/p>\n\n\n\n<p>El lugar de Berardo en el HCD ser\u00e1 ocupado por Lucas Moradelli, quien\n fue parte de la lista de ediles de Unidad Ciudadana en las elecciones \nde 2017.<\/p>\n\n\n\n<p>Moradelli viene del Ejecutivo municipal y es un dirigente cercano al \npresidente de la C\u00e1mara de Diputados bonaerense, Federico Oterm\u00edn.<\/p>\n","protected":false},"excerpt":{"rendered":"<p>La concejala de Lomas de Zamora por Unidad Ciudadana, Laura Berardo, se sum\u00f3 al Gobierno nacional y ya ocupa la Subsecretar\u00eda de Desarrollo Social de la Naci\u00f3n. Este mi\u00e9rcoles, el Concejo Deliberante lomense aprob\u00f3 su licencia. La dirigente de Unidos y Organizados pasar\u00e1 a ocupar un importante cargo en la estructura del Ministerio de Desarrollo&hellip;<\/p>\n","protected":false},"author":1,"featured_media":92010,"comment_status":"open","ping_status":"open","sticky":false,"template":"","format":"standard","meta":{"footnotes":""},"categories":[13],"tags":[16587,855,744,32057],"class_list":["post-92009","post","type-post","status-publish","format-standard","has-post-thumbnail","hentry","category-politica","tag-hcd","tag-licencia","tag-lomas-de-zamora","tag-subsecretaria-de-desarrollo-social"],"_links":{"self":[{"href":"https:\/\/www.elsindical.com.ar\/notas\/wp-json\/wp\/v2\/posts\/92009","targetHints":{"allow":["GET"]}}],"collection":[{"href":"https:\/\/www.elsindical.com.ar\/notas\/wp-json\/wp\/v2\/posts"}],"about":[{"href":"https:\/\/www.elsindical.com.ar\/notas\/wp-json\/wp\/v2\/types\/post"}],"author":[{"embeddable":true,"href":"https:\/\/www.elsindical.com.ar\/notas\/wp-json\/wp\/v2\/users\/1"}],"replies":[{"embeddable":true,"href":"https:\/\/www.elsindical.com.ar\/notas\/wp-json\/wp\/v2\/comments?post=92009"}],"version-history":[{"count":1,"href":"https:\/\/www.elsindical.com.ar\/notas\/wp-json\/wp\/v2\/posts\/92009\/revisions"}],"predecessor-version":[{"id":92011,"href":"https:\/\/www.elsindical.com.ar\/notas\/wp-json\/wp\/v2\/posts\/92009\/revisions\/92011"}],"wp:featuredmedia":[{"embeddable":true,"href":"https:\/\/www.elsindical.com.ar\/notas\/wp-json\/wp\/v2\/media\/92010"}],"wp:attachment":[{"href":"https:\/\/www.elsindical.com.ar\/notas\/wp-json\/wp\/v2\/media?parent=92009"}],"wp:term":[{"taxonomy":"category","embeddable":true,"href":"https:\/\/www.elsindical.com.ar\/notas\/wp-json\/wp\/v2\/categories?post=92009"},{"taxonomy":"post_tag","embeddable":true,"href":"https:\/\/www.elsindical.com.ar\/notas\/wp-json\/wp\/v2\/tags?post=92009"}],"curies":[{"name":"wp","href":"https:\/\/api.w.org\/{rel}","templated":true}]}}