{"id":92006,"date":"2019-12-18T11:53:23","date_gmt":"2019-12-18T14:53:23","guid":{"rendered":"http:\/\/www.elsindical.com.ar\/notas\/?p=92006"},"modified":"2019-12-18T11:53:23","modified_gmt":"2019-12-18T14:53:23","slug":"jorge-ferraresi-presento-un-polemico-gabinete-municipal-de-gobierno","status":"publish","type":"post","link":"https:\/\/www.elsindical.com.ar\/notas\/jorge-ferraresi-presento-un-polemico-gabinete-municipal-de-gobierno\/","title":{"rendered":"Jorge Ferraresi present\u00f3 un pol\u00e9mico gabinete municipal de gobierno"},"content":{"rendered":"\n<figure class=\"wp-block-image size-large\"><img loading=\"lazy\" decoding=\"async\" width=\"1024\" height=\"622\" src=\"http:\/\/www.elsindical.com.ar\/notas\/var\/www\/html\/notas\/wp-content\/uploads\/2019\/12\/gabinete-municipal-2019-MA-1024x622.jpg\" alt=\"\" class=\"wp-image-92007\" srcset=\"https:\/\/www.elsindical.com.ar\/notas\/var\/www\/html\/notas\/wp-content\/uploads\/2019\/12\/gabinete-municipal-2019-MA-1024x622.jpg 1024w, https:\/\/www.elsindical.com.ar\/notas\/var\/www\/html\/notas\/wp-content\/uploads\/2019\/12\/gabinete-municipal-2019-MA-300x182.jpg 300w, https:\/\/www.elsindical.com.ar\/notas\/var\/www\/html\/notas\/wp-content\/uploads\/2019\/12\/gabinete-municipal-2019-MA-768x466.jpg 768w, https:\/\/www.elsindical.com.ar\/notas\/var\/www\/html\/notas\/wp-content\/uploads\/2019\/12\/gabinete-municipal-2019-MA-494x300.jpg 494w, https:\/\/www.elsindical.com.ar\/notas\/var\/www\/html\/notas\/wp-content\/uploads\/2019\/12\/gabinete-municipal-2019-MA.jpg 1066w\" sizes=\"auto, (max-width: 1024px) 100vw, 1024px\" \/><\/figure>\n\n\n\n<p> <strong>\u201cQueremos secretarios militantes, porque la  pol\u00edtica siempre esta por delante de la gesti\u00f3n\u201d <\/strong>as\u00ed lo remarc\u00f3 el Jefe  Comunal en el discurso de presentaci\u00f3n de los nuevos secretarios que lo  acompa\u00f1aran durante cuatro a\u00f1os. <\/p>\n\n\n\n<p>El intendente de \nAvellaneda, Jorge Ferraresi present\u00f3 el nuevo Gabinete municipal en el \nTeatro Roma. En el coliseo local estuvieron presentes instituciones de \nla ciudad, personalidades destacadas y militantes pol\u00edticos y sociales.<\/p>\n\n\n\n<p>\u201cLos secretarios son  los responsables de llevar adelante la gesti\u00f3n, pero delante de la  gesti\u00f3n est\u00e1 la pol\u00edtica. Por eso queremos funcionarios militantes\u201d  se\u00f1al\u00f3 el Jefe Comunal quien le tomo juramente a los 17 secretarios que  componen el gabinete.<\/p>\n\n\n\n<p>Adem\u00e1s, Ferraresi se \nrefiri\u00f3 a los ex funcionarios que desde ahora estar\u00e1n en los equipos \nnacionales y provinciales: \u201cEs un orgullo que compa\u00f1eros de Avellaneda \nnos representen a nivel nacional y provincial\u201d.<\/p>\n\n\n\n<p><strong>Gabinete municipal:<\/strong><\/p>\n\n\n\n<p>\u2013&nbsp;&nbsp;&nbsp;&nbsp;&nbsp;&nbsp;&nbsp;Observatorio Social de Pol\u00edticas P\u00fablicas: Arq. Magdalena Sierra (Ad-Honorem)<\/p>\n\n\n\n<p>\u2013&nbsp;&nbsp;&nbsp;&nbsp;&nbsp;&nbsp;&nbsp;Jefatura de Gabinete: Alejo Chornobroff<\/p>\n\n\n\n<p>\u2013&nbsp;&nbsp;&nbsp;&nbsp;&nbsp;&nbsp;&nbsp;Secretar\u00eda de Comercio: Marcos Harguinteguy<\/p>\n\n\n\n<p>\u2013\u00a0\u00a0\u00a0\u00a0\u00a0\u00a0\u00a0Secretar\u00eda de Presupuesto Participativo y Delegaciones: Agustina Abelleyra<\/p>\n\n\n\n<p>\u2013&nbsp;&nbsp;&nbsp;&nbsp;&nbsp;&nbsp;&nbsp;Secretar\u00eda de Desarrollo Territorial y H\u00e1bitat: Guillermo Pesce<\/p>\n\n\n\n<p>\u2013&nbsp;&nbsp;&nbsp;&nbsp;&nbsp;&nbsp;&nbsp;Consejo de Comunicaci\u00f3n Institucional: Roberto Mariani<\/p>\n\n\n\n<p>\u2013&nbsp;&nbsp;&nbsp;&nbsp;&nbsp;&nbsp;&nbsp;Secretar\u00eda de Seguridad Ciudadana: M\u00f3nica Ghirelli<\/p>\n\n\n\n<p>\u2013&nbsp;&nbsp;&nbsp;&nbsp;&nbsp;&nbsp;&nbsp;Secretar\u00eda de Derechos Humanos: Claudio Yacoy<\/p>\n\n\n\n<p>\u2013&nbsp;&nbsp;&nbsp;&nbsp;&nbsp;&nbsp;&nbsp;Secretar\u00eda de Obras y Servicios P\u00fabicos: Gast\u00f3n Seill\u00e1n<\/p>\n\n\n\n<p>\u2013&nbsp;&nbsp;&nbsp;&nbsp;&nbsp;&nbsp;&nbsp;Secretar\u00eda de Salud: Virginia Gonz\u00e1lez Alga\u00f1araz<\/p>\n\n\n\n<p>\u2013&nbsp;&nbsp;&nbsp;&nbsp;&nbsp;&nbsp;&nbsp;Secretar\u00eda de Legal y T\u00e9cnica: Dr. Daniel Bosisio<\/p>\n\n\n\n<p>\u2013&nbsp;&nbsp;&nbsp;&nbsp;&nbsp;&nbsp;&nbsp;Secretar\u00eda de Educaci\u00f3n: Prof. Mar\u00eda Laura de Vincenti<\/p>\n\n\n\n<p>\u2013&nbsp;&nbsp;&nbsp;&nbsp;&nbsp;&nbsp;&nbsp;Secretar\u00eda de Cultura y Promoci\u00f3n de las Artes: Victoria Belloni<\/p>\n\n\n\n<p>\u2013&nbsp;&nbsp;&nbsp;&nbsp;&nbsp;&nbsp;&nbsp;Secretar\u00eda de Hacienda y Administraci\u00f3n: Cdora. Susana Gutt<\/p>\n\n\n\n<p>\u2013&nbsp;&nbsp;&nbsp;&nbsp;&nbsp;&nbsp;&nbsp;Secretar\u00eda de Producci\u00f3n, Pol\u00edtica Ambiental y Empleo: Ing. Lucas Gim\u00e9nez<\/p>\n\n\n\n<p>\u2013&nbsp;&nbsp;&nbsp;&nbsp;&nbsp;&nbsp;&nbsp;Secretar\u00eda de Tecnolog\u00eda: Ing. Luis Leonardi<\/p>\n\n\n\n<p>\u2013&nbsp;&nbsp;&nbsp;&nbsp;&nbsp;&nbsp;&nbsp;Secretaria de Deportes: Sebasti\u00e1n Vidal<\/p>\n","protected":false},"excerpt":{"rendered":"<p>\u201cQueremos secretarios militantes, porque la pol\u00edtica siempre esta por delante de la gesti\u00f3n\u201d as\u00ed lo remarc\u00f3 el Jefe Comunal en el discurso de presentaci\u00f3n de los nuevos secretarios que lo acompa\u00f1aran durante cuatro a\u00f1os. El intendente de Avellaneda, Jorge Ferraresi present\u00f3 el nuevo Gabinete municipal en el Teatro Roma. En el coliseo local estuvieron presentes&hellip;<\/p>\n","protected":false},"author":1,"featured_media":92007,"comment_status":"open","ping_status":"open","sticky":false,"template":"","format":"standard","meta":{"footnotes":""},"categories":[13],"tags":[461,32056,1062,3513],"class_list":["post-92006","post","type-post","status-publish","format-standard","has-post-thumbnail","hentry","category-politica","tag-avellaneda","tag-gabinete-municipal","tag-jorge-ferraresi","tag-teatro-roma"],"_links":{"self":[{"href":"https:\/\/www.elsindical.com.ar\/notas\/wp-json\/wp\/v2\/posts\/92006","targetHints":{"allow":["GET"]}}],"collection":[{"href":"https:\/\/www.elsindical.com.ar\/notas\/wp-json\/wp\/v2\/posts"}],"about":[{"href":"https:\/\/www.elsindical.com.ar\/notas\/wp-json\/wp\/v2\/types\/post"}],"author":[{"embeddable":true,"href":"https:\/\/www.elsindical.com.ar\/notas\/wp-json\/wp\/v2\/users\/1"}],"replies":[{"embeddable":true,"href":"https:\/\/www.elsindical.com.ar\/notas\/wp-json\/wp\/v2\/comments?post=92006"}],"version-history":[{"count":1,"href":"https:\/\/www.elsindical.com.ar\/notas\/wp-json\/wp\/v2\/posts\/92006\/revisions"}],"predecessor-version":[{"id":92008,"href":"https:\/\/www.elsindical.com.ar\/notas\/wp-json\/wp\/v2\/posts\/92006\/revisions\/92008"}],"wp:featuredmedia":[{"embeddable":true,"href":"https:\/\/www.elsindical.com.ar\/notas\/wp-json\/wp\/v2\/media\/92007"}],"wp:attachment":[{"href":"https:\/\/www.elsindical.com.ar\/notas\/wp-json\/wp\/v2\/media?parent=92006"}],"wp:term":[{"taxonomy":"category","embeddable":true,"href":"https:\/\/www.elsindical.com.ar\/notas\/wp-json\/wp\/v2\/categories?post=92006"},{"taxonomy":"post_tag","embeddable":true,"href":"https:\/\/www.elsindical.com.ar\/notas\/wp-json\/wp\/v2\/tags?post=92006"}],"curies":[{"name":"wp","href":"https:\/\/api.w.org\/{rel}","templated":true}]}}