{"id":91876,"date":"2019-12-13T10:16:23","date_gmt":"2019-12-13T13:16:23","guid":{"rendered":"http:\/\/www.elsindical.com.ar\/notas\/?p=91876"},"modified":"2019-12-13T10:16:23","modified_gmt":"2019-12-13T13:16:23","slug":"zanella-en-proceso-de-cierre-remata-sus-motos-y-ofrece-indemnizacion-a-sus-empleados","status":"publish","type":"post","link":"https:\/\/www.elsindical.com.ar\/notas\/zanella-en-proceso-de-cierre-remata-sus-motos-y-ofrece-indemnizacion-a-sus-empleados\/","title":{"rendered":"Zanella, en proceso de cierre: remata sus motos y ofrece indemnizaci\u00f3n a sus empleados"},"content":{"rendered":"\n<figure class=\"wp-block-image size-large\"><img loading=\"lazy\" decoding=\"async\" width=\"850\" height=\"538\" src=\"http:\/\/www.elsindical.com.ar\/notas\/var\/www\/html\/notas\/wp-content\/uploads\/2019\/12\/planta-de-Zanella.jpg\" alt=\"\" class=\"wp-image-91877\" srcset=\"https:\/\/www.elsindical.com.ar\/notas\/var\/www\/html\/notas\/wp-content\/uploads\/2019\/12\/planta-de-Zanella.jpg 850w, https:\/\/www.elsindical.com.ar\/notas\/var\/www\/html\/notas\/wp-content\/uploads\/2019\/12\/planta-de-Zanella-300x190.jpg 300w, https:\/\/www.elsindical.com.ar\/notas\/var\/www\/html\/notas\/wp-content\/uploads\/2019\/12\/planta-de-Zanella-768x486.jpg 768w, https:\/\/www.elsindical.com.ar\/notas\/var\/www\/html\/notas\/wp-content\/uploads\/2019\/12\/planta-de-Zanella-474x300.jpg 474w\" sizes=\"auto, (max-width: 850px) 100vw, 850px\" \/><\/figure>\n\n\n\n<p> La firma creada hace 70 a\u00f1os remata sus inmuebles y su stock. Los trabajadores, en la incertidumbre por su futuro. <\/p>\n\n\n\n<p>La empresa <strong>Zanella<\/strong> comenz\u00f3 a rematar sus bienes y, seg\u00fan los trabajadores que a\u00fan pertenecen a la firma,<strong> est\u00e1 en proceso de cierre.<\/strong><\/p>\n\n\n\n<p>Tras el cierre de plantas en <strong>Mar del Plata, San Luis y C\u00f3rdoba<\/strong>, m\u00e1s una serie de despidos de la hist\u00f3rica f\u00e1brica de <strong>Caseros<\/strong>, la crisis de la firma parece extenderse.<\/p>\n\n\n\n<p>En diarios de la provincia de San Luis se<strong> publicaron avisos de remates de bienes de la empresa<\/strong>  que van desde 41 motos de la marca Zanella y 1.330 cascos hasta siete  camiones marca Iveco, veh\u00edculos (Fiat Palio y Citro\u00ebn C5) y dos  semirremolques. Tambi\u00e9n se incluyen grupos electr\u00f3genos, scooters y  utilitarios.<\/p>\n\n\n\n<p>La empresa tambi\u00e9n public\u00f3 una convocatoria a asamblea extraordinaria\n de accionistas para el pr\u00f3ximo 27 de diciembre en el Parque Industrial \nde San Luis donde se pondr\u00e1 en <strong>\u201cconsideraci\u00f3n\u201d<\/strong> la venta de la marca Zanella y de otros activos inmuebles.<\/p>\n\n\n\n<p>A comienzos de a\u00f1o, <strong>Zanella<\/strong> se ubicaba entre las tres primeras empresas del mercado, pero dej\u00f3 de estar en ese ranking. Hoy el sector est\u00e1 liderado por <strong>Honda, Motomel, Corven y Gilera.<\/strong><\/p>\n","protected":false},"excerpt":{"rendered":"<p>La firma creada hace 70 a\u00f1os remata sus inmuebles y su stock. Los trabajadores, en la incertidumbre por su futuro. La empresa Zanella comenz\u00f3 a rematar sus bienes y, seg\u00fan los trabajadores que a\u00fan pertenecen a la firma, est\u00e1 en proceso de cierre. Tras el cierre de plantas en Mar del Plata, San Luis y&hellip;<\/p>\n","protected":false},"author":1,"featured_media":91877,"comment_status":"open","ping_status":"open","sticky":false,"template":"","format":"standard","meta":{"footnotes":""},"categories":[28],"tags":[2258,54,4062,24276,30234],"class_list":["post-91876","post","type-post","status-publish","format-standard","has-post-thumbnail","hentry","category-empresariales","tag-cierre","tag-empleados","tag-indemnizaciones","tag-remates","tag-zanella"],"_links":{"self":[{"href":"https:\/\/www.elsindical.com.ar\/notas\/wp-json\/wp\/v2\/posts\/91876","targetHints":{"allow":["GET"]}}],"collection":[{"href":"https:\/\/www.elsindical.com.ar\/notas\/wp-json\/wp\/v2\/posts"}],"about":[{"href":"https:\/\/www.elsindical.com.ar\/notas\/wp-json\/wp\/v2\/types\/post"}],"author":[{"embeddable":true,"href":"https:\/\/www.elsindical.com.ar\/notas\/wp-json\/wp\/v2\/users\/1"}],"replies":[{"embeddable":true,"href":"https:\/\/www.elsindical.com.ar\/notas\/wp-json\/wp\/v2\/comments?post=91876"}],"version-history":[{"count":1,"href":"https:\/\/www.elsindical.com.ar\/notas\/wp-json\/wp\/v2\/posts\/91876\/revisions"}],"predecessor-version":[{"id":91878,"href":"https:\/\/www.elsindical.com.ar\/notas\/wp-json\/wp\/v2\/posts\/91876\/revisions\/91878"}],"wp:featuredmedia":[{"embeddable":true,"href":"https:\/\/www.elsindical.com.ar\/notas\/wp-json\/wp\/v2\/media\/91877"}],"wp:attachment":[{"href":"https:\/\/www.elsindical.com.ar\/notas\/wp-json\/wp\/v2\/media?parent=91876"}],"wp:term":[{"taxonomy":"category","embeddable":true,"href":"https:\/\/www.elsindical.com.ar\/notas\/wp-json\/wp\/v2\/categories?post=91876"},{"taxonomy":"post_tag","embeddable":true,"href":"https:\/\/www.elsindical.com.ar\/notas\/wp-json\/wp\/v2\/tags?post=91876"}],"curies":[{"name":"wp","href":"https:\/\/api.w.org\/{rel}","templated":true}]}}